{"id":286674,"date":"2026-09-01T20:05:33","date_gmt":"2026-09-01T20:05:33","guid":{"rendered":"https:\/\/www.europesays.com\/ch-fr\/286674\/"},"modified":"2026-09-01T20:05:33","modified_gmt":"2026-09-01T20:05:33","slug":"anthropic-loue-pour-35-milliards-de-dollars-de-calcul-nvidia-2","status":"publish","type":"post","link":"https:\/\/www.europesays.com\/ch-fr\/286674\/","title":{"rendered":"Anthropic loue pour 35 milliards de dollars de calcul Nvidia"},"content":{"rendered":"<p class=\"wysiwyg-h2\">Anthropic, cr\u00e9ateur de l&rsquo;assistant d&rsquo;IA Claude, a sign\u00e9 un contrat de 35 milliards de dollars pour louer de la puissance de calcul aupr\u00e8s de Lambda, un fournisseur de services informatiques soutenu par Nvidia, a indiqu\u00e9 lundi \u00e0 l&rsquo;AFP une source proche du dossier.<\/p>\n<p>Le contrat, sur six ans, porte sur un centre de donn\u00e9es au Texas, o\u00f9 Lambda mettra en service des serveurs \u00e9quip\u00e9s de puces Nvidia qu&rsquo;il louera \u00e0 Anthropic &lsquo;pour r\u00e9pondre \u00e0 la demande croissante pour Claude&rsquo;, selon cette source.<\/p>\n<p>Il s&rsquo;ajoute \u00e0 un contrat d&rsquo;environ 45 milliards de dollars, \u00e9galement sur six ans, sign\u00e9 la semaine derni\u00e8re par Anthropic avec la soci\u00e9t\u00e9 britannique Nscale, elle aussi soutenue par Nvidia, pour un site en Virginie-Occidentale, a confirm\u00e9 la m\u00eame source.<\/p>\n<p>Anthropic, qui a reconnu en avril \u00eatre en difficult\u00e9 pour satisfaire la demande de ses clients, au point de d\u00e9grader son service aux heures de pointe, m\u00e8ne comme son rival OpenAI une course \u00e0 la puissance de calcul. L&rsquo;entreprise de San Francisco a sign\u00e9 depuis le printemps une dizaine d&rsquo;accords, aupr\u00e8s de fournisseurs de &lsquo;cloud&rsquo; (l&rsquo;informatique en ligne) et des grands concepteurs de puces d&rsquo;IA, Nvidia, Google, Amazon et AMD.<\/p>\n<p>Les seuls contrats dont le montant a \u00e9t\u00e9 publi\u00e9 d\u00e9passent 130 milliards de dollars, selon un d\u00e9compte de l&rsquo;AFP. L&rsquo;entreprise, dont la valorisation approche les 1.000 milliards de dollars, pr\u00e9pare une entr\u00e9e en Bourse \u00e0 l&rsquo;automne, potentiellement record.<\/p>\n<p>Anthropic et OpenAI, qui pr\u00e9pare aussi son introduction en Bourse, doivent convaincre les investisseurs qu&rsquo;ils auront la puissance de calcul n\u00e9cessaire \u00e0 leur croissance.<\/p>\n<p>Alliance de g\u00e9ants<\/p>\n<p>Cette course, dont la facture se chiffre en centaines de milliards pour chaque concurrent, est plus que jamais financ\u00e9e par les fabricants eux-m\u00eames: selon le Wall Street Journal, c&rsquo;est Nvidia qui est locataire du centre de donn\u00e9es texan, d\u00e9velopp\u00e9 par Hut 8, un ancien mineur de bitcoin. Lambda, dont Nvidia est actionnaire, y installera des puces de ce dernier avant d&rsquo;en louer l&rsquo;usage \u00e0 Anthropic.<\/p>\n<p>Nvidia, premier fournisseur mondial de puces d&rsquo;IA, s&rsquo;est alli\u00e9 le 10 ao\u00fbt \u00e0 six g\u00e9ants de la finance nord-am\u00e9ricaine pour r\u00e9unir \u00e0 terme plus de 500 milliards de dollars, destin\u00e9s \u00e0 financer les achats de ses clients. Un objectif sans accord d\u00e9finitif \u00e0 ce stade.<\/p>\n<p>Une semaine plus tard, le groupe a accord\u00e9 une garantie pouvant atteindre 105 milliards sur le financement du m\u00e9ga-centre de donn\u00e9es qu&rsquo;OpenAI louera dans l&rsquo;Ohio.<\/p>\n<p>Nvidia a par ailleurs investi jusqu&rsquo;\u00e0 10 milliards de dollars dans Anthropic en novembre 2025.<\/p>\n<p>Cette imbrication entre le fournisseur et ses clients alimente depuis un an les craintes d&rsquo;une bulle et des accusations de &lsquo;financement circulaire&rsquo;.<\/p>\n<p> \/ATS<\/p>\n","protected":false},"excerpt":{"rendered":"Anthropic, cr\u00e9ateur de l&rsquo;assistant d&rsquo;IA Claude, a sign\u00e9 un contrat de 35 milliards de dollars pour louer de&hellip;\n","protected":false},"author":2,"featured_media":286675,"comment_status":"","ping_status":"","sticky":false,"template":"","format":"standard","meta":{"footnotes":"","_share_on_mastodon":"0"},"categories":[6],"tags":[121,124,128,45,119,44,43,122,123,118,136,132,131,133,130,135,120,126,117,125,114,115,116,23,129,127,134],"class_list":["post-286674","post","type-post","status-publish","format-standard","has-post-thumbnail","category-economie","tag-ajoie","tag-animation","tag-bienne","tag-business","tag-delemont","tag-economie","tag-economy","tag-franches-montagnes","tag-frequence","tag-jura","tag-jura-bernois","tag-la-chaux-de-fonds","tag-moutier","tag-neuchatel","tag-neuveville","tag-payerne","tag-porrentruy","tag-publicite","tag-radio","tag-redaction","tag-rfj","tag-rjb","tag-rtn","tag-suisse","tag-tavannes","tag-vallon-de-st-imier","tag-yverdon"],"share_on_mastodon":{"url":"https:\/\/pubeurope.com\/@ch_fr\/117197584891951656","error":""},"_links":{"self":[{"href":"https:\/\/www.europesays.com\/ch-fr\/wp-json\/wp\/v2\/posts\/286674","targetHints":{"allow":["GET"]}}],"collection":[{"href":"https:\/\/www.europesays.com\/ch-fr\/wp-json\/wp\/v2\/posts"}],"about":[{"href":"https:\/\/www.europesays.com\/ch-fr\/wp-json\/wp\/v2\/types\/post"}],"author":[{"embeddable":true,"href":"https:\/\/www.europesays.com\/ch-fr\/wp-json\/wp\/v2\/users\/2"}],"replies":[{"embeddable":true,"href":"https:\/\/www.europesays.com\/ch-fr\/wp-json\/wp\/v2\/comments?post=286674"}],"version-history":[{"count":0,"href":"https:\/\/www.europesays.com\/ch-fr\/wp-json\/wp\/v2\/posts\/286674\/revisions"}],"wp:featuredmedia":[{"embeddable":true,"href":"https:\/\/www.europesays.com\/ch-fr\/wp-json\/wp\/v2\/media\/286675"}],"wp:attachment":[{"href":"https:\/\/www.europesays.com\/ch-fr\/wp-json\/wp\/v2\/media?parent=286674"}],"wp:term":[{"taxonomy":"category","embeddable":true,"href":"https:\/\/www.europesays.com\/ch-fr\/wp-json\/wp\/v2\/categories?post=286674"},{"taxonomy":"post_tag","embeddable":true,"href":"https:\/\/www.europesays.com\/ch-fr\/wp-json\/wp\/v2\/tags?post=286674"}],"curies":[{"name":"wp","href":"https:\/\/api.w.org\/{rel}","templated":true}]}}