{"id":286676,"date":"2026-09-01T20:06:31","date_gmt":"2026-09-01T20:06:31","guid":{"rendered":"https:\/\/www.europesays.com\/ch-fr\/286676\/"},"modified":"2026-09-01T20:06:31","modified_gmt":"2026-09-01T20:06:31","slug":"keir-starmer-va-se-consacrer-aux-affaires-internationales-2","status":"publish","type":"post","link":"https:\/\/www.europesays.com\/ch-fr\/286676\/","title":{"rendered":"Keir Starmer va se consacrer aux \u00ab affaires internationales \u00bb"},"content":{"rendered":"<p class=\"wysiwyg-h2\">L&rsquo;ancien Premier ministre britannique Keir Starmer, qui a quitt\u00e9 Downing Street en juillet et c\u00e9d\u00e9 la place \u00e0 Andy Burnham, a annonc\u00e9 mardi qu&rsquo;il d\u00e9missionnait de son si\u00e8ge de d\u00e9put\u00e9. Il souhaite se consacrer aux &lsquo;affaires internationales&rsquo;.<\/p>\n<p>&lsquo;Au cours de l&rsquo;\u00e9t\u00e9, j&rsquo;ai eu le temps de r\u00e9fl\u00e9chir (&#8230;) et j&rsquo;ai d\u00e9cid\u00e9 que le moment est venu de quitter mes fonctions de d\u00e9put\u00e9 de Holborn et St Pancras (circonscription du centre de Londres, NDLR) et de passer le relais \u00e0 un successeur&rsquo;, a annonc\u00e9 l&rsquo;ancien chef de l&rsquo;ex\u00e9cutif travailliste sur X.<\/p>\n<p>&lsquo;Il est d\u00e9sormais temps de me retirer et de me concentrer sur d&rsquo;autres enjeux: les affaires internationales, notamment la d\u00e9fense, la s\u00e9curit\u00e9, le commerce et la technologie, dans un monde en rapide mutation&rsquo;, a d\u00e9clar\u00e9 M. Starmer.<\/p>\n<p>Une \u00e9lection partielle aura lieu prochainement pour le remplacer dans cette circonscription o\u00f9 il \u00e9tait \u00e9lu depuis 11 ans, et qui est consid\u00e9r\u00e9e comme s\u00fbre pour le Labour.<\/p>\n<p>&lsquo;Je continuerai \u00e9galement \u00e0 travailler avec d&rsquo;autres, comme je le fais depuis de nombreuses d\u00e9cennies, pour lutter contre les violences faites aux femmes&rsquo;, a indiqu\u00e9 l&rsquo;ancien procureur de 63 ans.<\/p>\n<p>Keir Starmer \u00e9tait devenu Premier ministre en juillet 2024 apr\u00e8s la victoire \u00e9crasante du Labour aux l\u00e9gislatives, mettant fin \u00e0 14 ans de gouvernements conservateurs.<\/p>\n<p>Impopulaire<\/p>\n<p>Devenu impopulaire dans le pays et fortement contest\u00e9 au sein du Labour apr\u00e8s des d\u00e9cisions maladroites, des pol\u00e9miques et des d\u00e9faites \u00e9lectorales locales, il avait annonc\u00e9 son d\u00e9part le 22 juin apr\u00e8s un peu moins de deux ans en poste.<\/p>\n<p>Sur le plan international, il a pendant son mandat apport\u00e9 un soutien ind\u00e9fectible \u00e0 l&rsquo;Ukraine en guerre et a \u00e9t\u00e9 \u00e0 l&rsquo;origine, avec le pr\u00e9sident fran\u00e7ais Emmanuel Macron, de la Coalition des volontaires, regroupant une trentaine de pays, cens\u00e9e fournir des &lsquo;garanties de s\u00e9curit\u00e9&rsquo; \u00e0 Kiev dans le cadre d&rsquo;un \u00e9ventuel futur accord avec la Russie.<\/p>\n<p>Sa relation avec Donald Trump, apr\u00e8s des d\u00e9buts favorables, a connu des difficult\u00e9s. L&rsquo;ex-Premier ministre britannique \u00e9tait devenu la cible des critiques du pr\u00e9sident am\u00e9ricain apr\u00e8s avoir refus\u00e9 de soutenir pleinement les frappes isra\u00e9lo-am\u00e9ricaines contre l&rsquo;Iran.<\/p>\n<p>Andy Burnham, qui \u00e9tait auparavant maire du Grand Manchester, dans le nord de l&rsquo;Angleterre, a succ\u00e9d\u00e9 \u00e0 Keir Starmer le 20 juillet \u00e0 Downing Street.<\/p>\n<p> \/ATS<\/p>\n","protected":false},"excerpt":{"rendered":"L&rsquo;ancien Premier ministre britannique Keir Starmer, qui a quitt\u00e9 Downing Street en juillet et c\u00e9d\u00e9 la place \u00e0&hellip;\n","protected":false},"author":2,"featured_media":286677,"comment_status":"","ping_status":"","sticky":false,"template":"","format":"standard","meta":{"footnotes":"","_share_on_mastodon":"0"},"categories":[5],"tags":[121,124,128,119,122,123,40,118,136,132,131,133,130,135,120,126,117,125,114,115,116,129,127,41,42,134],"class_list":["post-286676","post","type-post","status-publish","format-standard","has-post-thumbnail","category-international","tag-ajoie","tag-animation","tag-bienne","tag-delemont","tag-franches-montagnes","tag-frequence","tag-international","tag-jura","tag-jura-bernois","tag-la-chaux-de-fonds","tag-moutier","tag-neuchatel","tag-neuveville","tag-payerne","tag-porrentruy","tag-publicite","tag-radio","tag-redaction","tag-rfj","tag-rjb","tag-rtn","tag-tavannes","tag-vallon-de-st-imier","tag-world","tag-world-news","tag-yverdon"],"share_on_mastodon":{"url":"https:\/\/pubeurope.com\/@ch_fr\/117197588929013552","error":""},"_links":{"self":[{"href":"https:\/\/www.europesays.com\/ch-fr\/wp-json\/wp\/v2\/posts\/286676","targetHints":{"allow":["GET"]}}],"collection":[{"href":"https:\/\/www.europesays.com\/ch-fr\/wp-json\/wp\/v2\/posts"}],"about":[{"href":"https:\/\/www.europesays.com\/ch-fr\/wp-json\/wp\/v2\/types\/post"}],"author":[{"embeddable":true,"href":"https:\/\/www.europesays.com\/ch-fr\/wp-json\/wp\/v2\/users\/2"}],"replies":[{"embeddable":true,"href":"https:\/\/www.europesays.com\/ch-fr\/wp-json\/wp\/v2\/comments?post=286676"}],"version-history":[{"count":0,"href":"https:\/\/www.europesays.com\/ch-fr\/wp-json\/wp\/v2\/posts\/286676\/revisions"}],"wp:featuredmedia":[{"embeddable":true,"href":"https:\/\/www.europesays.com\/ch-fr\/wp-json\/wp\/v2\/media\/286677"}],"wp:attachment":[{"href":"https:\/\/www.europesays.com\/ch-fr\/wp-json\/wp\/v2\/media?parent=286676"}],"wp:term":[{"taxonomy":"category","embeddable":true,"href":"https:\/\/www.europesays.com\/ch-fr\/wp-json\/wp\/v2\/categories?post=286676"},{"taxonomy":"post_tag","embeddable":true,"href":"https:\/\/www.europesays.com\/ch-fr\/wp-json\/wp\/v2\/tags?post=286676"}],"curies":[{"name":"wp","href":"https:\/\/api.w.org\/{rel}","templated":true}]}}