{"id":286680,"date":"2026-09-01T20:08:15","date_gmt":"2026-09-01T20:08:15","guid":{"rendered":"https:\/\/www.europesays.com\/ch-fr\/286680\/"},"modified":"2026-09-01T20:08:15","modified_gmt":"2026-09-01T20:08:15","slug":"tessin-claudio-zali-accuse-datteinte-a-lintegrite-sexuelle","status":"publish","type":"post","link":"https:\/\/www.europesays.com\/ch-fr\/286680\/","title":{"rendered":"Tessin : Claudio Zali accus\u00e9 d&rsquo;atteinte \u00e0 l&rsquo;int\u00e9grit\u00e9 sexuelle"},"content":{"rendered":"<p>Le Minist\u00e8re public tessinois a ouvert une nouvelle proc\u00e9dure p\u00e9nale contre Claudio Zali. Le conseiller d\u2019Etat d\u00e9missionnaire (Lega) est accus\u00e9 d&rsquo;atteinte \u00e0 l&rsquo;int\u00e9grit\u00e9 sexuelle dans le cadre d\u2019une enqu\u00eate ouverte pour des faits remontant \u00e0 plusieurs ann\u00e9es. Claudio Zali conteste.<\/p>\n<p>Le Minist\u00e8re public tessinois confirme une information diffus\u00e9e par la RSI, \u00e0 la suite d\u2019une lettre adress\u00e9e par le procureur g\u00e9n\u00e9ral au Bureau pr\u00e9sidentiel du Grand Conseil tessinois.<\/p>\n<p>Le Minist\u00e8re public pr\u00e9cise que Claudio Zali a \u00e9t\u00e9 entendu comme accus\u00e9 et qu&rsquo;il conteste toute responsabilit\u00e9 dans les faits qui lui sont reproch\u00e9s. Le secret de l&rsquo;instruction, la pr\u00e9somption d\u2019innocence et l\u2019exigence de pr\u00e9server la victime pr\u00e9sum\u00e9e, laquelle ne s\u2019est pas constitu\u00e9e partie civile, doivent pr\u00e9valoir, conclut le parquet tessinois.<\/p>\n<p>Le Conseil d&rsquo;Etat demande sa d\u00e9mission avec effet imm\u00e9diat<\/p>\n<p>Dans un communiqu\u00e9, le Conseil d&rsquo;Etat tessinois indique avoir appris par les m\u00e9dias l&rsquo;ouverture de la proc\u00e9dure p\u00e9nale. R\u00e9uni en s\u00e9ance extraordinaire, il demande d\u00e9sormais \u00e0 Claudio Zali de rendre avec effet imm\u00e9diat sa d\u00e9mission, dans le but de pr\u00e9server sa cr\u00e9dibilit\u00e9 et de pr\u00e9server les institutions.<\/p>\n<p>Le Conseil d&rsquo;Etat se r\u00e9unira \u00e0 nouveau mercredi en r\u00e9union ordinaire. En l&rsquo;absence d&rsquo;initiative d&rsquo;ici l\u00e0, il proc\u00e9dera \u00e0 la red\u00e9finition de la conduite du D\u00e9partement du territoire, dirig\u00e9 par Claudio Zali.<\/p>\n<p>Le conseiller d&rsquo;Etat a d\u00e9j\u00e0 d\u00e9missionn\u00e9, mais cette d\u00e9mission sera effective d&rsquo;ici quelques jours. Il n&rsquo;a pour l&rsquo;heure pas donn\u00e9 suite \u00e0 la requ\u00eate du Conseil d&rsquo;Etat.<\/p>\n<p>Autres affaires<\/p>\n<p>Claudio Zali est au centre d\u2019une grande attention m\u00e9diatique et du public depuis plusieurs semaines apr\u00e8s la publication d\u2019un enregistrement audio dans lequel on l\u2019entend inciter une amie \u00e0 frapper une harceleuse comme il l&rsquo;avait fait lui-m\u00eame. Ces propos de claire incitation \u00e0 la violence ont suscit\u00e9 une forte pol\u00e9mique et amen\u00e9 le politicien, pr\u00e9sident du Conseil d&rsquo;Etat, \u00e0 pr\u00e9senter sa d\u00e9mission, qui sera effective d\u2019ici quelques jours.<\/p>\n<p>Le 14 ao\u00fbt dernier, la femme qui avait publi\u00e9 l\u2019enregistrement a \u00e9t\u00e9 retrouv\u00e9e sans vie dans le lac de Lugano au large de Melide. Dix jours auparavant elle avait subi une grave agression. Les autorit\u00e9s ont conclu \u00e0 une mort accidentelle.<\/p>\n<p>Claudio Zali fait en outre l&rsquo;objet d\u2019une autre proc\u00e9dure p\u00e9nale pour son intervention dans le cas d\u2019un mineur, fils d\u2019une amie, qui avait \u00e9t\u00e9 arr\u00eat\u00e9 pour sa participation \u00e0 une op\u00e9ration punitive contre un autre adolescent et avait \u00e9t\u00e9 plac\u00e9 en d\u00e9tention pr\u00e9ventive. Le conseiller d\u2019Etat avait tent\u00e9 de faire pression sur la magistrature pour obtenir sa lib\u00e9ration.<\/p>\n<p class=\"sources\">lia avec ats<\/p>\n","protected":false},"excerpt":{"rendered":"Le Minist\u00e8re public tessinois a ouvert une nouvelle proc\u00e9dure p\u00e9nale contre Claudio Zali. Le conseiller d\u2019Etat d\u00e9missionnaire (Lega)&hellip;\n","protected":false},"author":2,"featured_media":286681,"comment_status":"","ping_status":"","sticky":false,"template":"","format":"standard","meta":{"footnotes":"","_share_on_mastodon":"0"},"categories":[4],"tags":[22,502,1457,516,50960,3747,503,9464,504,318,741,3139,1249,50962,2195,21,92,61983,238,23],"class_list":["post-286680","post","type-post","status-publish","format-standard","has-post-thumbnail","category-actualites","tag-actualites","tag-agression","tag-agression-sexuelle","tag-autres-cantons","tag-claudio-zali","tag-conseiller-detat","tag-criminalite","tag-demission","tag-droit-et-justice","tag-enquete","tag-gouvernement","tag-gouvernement-cantonal","tag-institutions-regionales","tag-ligue-du-nord","tag-ministere-public-de-la-confederation","tag-news","tag-politique","tag-procedure-penale","tag-societe","tag-suisse"],"share_on_mastodon":{"url":"https:\/\/pubeurope.com\/@ch_fr\/117197596706029749","error":""},"_links":{"self":[{"href":"https:\/\/www.europesays.com\/ch-fr\/wp-json\/wp\/v2\/posts\/286680","targetHints":{"allow":["GET"]}}],"collection":[{"href":"https:\/\/www.europesays.com\/ch-fr\/wp-json\/wp\/v2\/posts"}],"about":[{"href":"https:\/\/www.europesays.com\/ch-fr\/wp-json\/wp\/v2\/types\/post"}],"author":[{"embeddable":true,"href":"https:\/\/www.europesays.com\/ch-fr\/wp-json\/wp\/v2\/users\/2"}],"replies":[{"embeddable":true,"href":"https:\/\/www.europesays.com\/ch-fr\/wp-json\/wp\/v2\/comments?post=286680"}],"version-history":[{"count":0,"href":"https:\/\/www.europesays.com\/ch-fr\/wp-json\/wp\/v2\/posts\/286680\/revisions"}],"wp:featuredmedia":[{"embeddable":true,"href":"https:\/\/www.europesays.com\/ch-fr\/wp-json\/wp\/v2\/media\/286681"}],"wp:attachment":[{"href":"https:\/\/www.europesays.com\/ch-fr\/wp-json\/wp\/v2\/media?parent=286680"}],"wp:term":[{"taxonomy":"category","embeddable":true,"href":"https:\/\/www.europesays.com\/ch-fr\/wp-json\/wp\/v2\/categories?post=286680"},{"taxonomy":"post_tag","embeddable":true,"href":"https:\/\/www.europesays.com\/ch-fr\/wp-json\/wp\/v2\/tags?post=286680"}],"curies":[{"name":"wp","href":"https:\/\/api.w.org\/{rel}","templated":true}]}}