{"id":286704,"date":"2026-09-01T20:25:19","date_gmt":"2026-09-01T20:25:19","guid":{"rendered":"https:\/\/www.europesays.com\/ch-fr\/286704\/"},"modified":"2026-09-01T20:25:19","modified_gmt":"2026-09-01T20:25:19","slug":"pas-de-formation-climatique-obligatoire-des-deputes-a-neuchatel","status":"publish","type":"post","link":"https:\/\/www.europesays.com\/ch-fr\/286704\/","title":{"rendered":"Pas de formation climatique obligatoire des d\u00e9put\u00e9s \u00e0 Neuch\u00e2tel"},"content":{"rendered":"<p class=\"paragraph\">La p\u00e9tition demandant une formation obligatoire pour les d\u00e9put\u00e9s sur le r\u00e9chauffement climatique et la crise \u00e9cologique a \u00e9t\u00e9 class\u00e9e par le Grand Conseil neuch\u00e2telois. Pour le vert&rsquo;lib\u00e9ral Mauro Moruzzi, les semaines de canicule de cet \u00e9t\u00e9 ont \u00e9t\u00e9 \u00ab\u00a0la meilleure r\u00e9ponse possible \u00e0 cette p\u00e9tition \u00bb. Le d\u00e9put\u00e9 s&rsquo;est n\u00e9anmoins oppos\u00e9 \u00e0 celle-ci car il estime qu&rsquo;une information de qualit\u00e9 est abondante et facilement accessible. Pour lui, la seule question est \u00ab\u00a0de ne pas nier les faits, mais de les assumer et de prendre les mesures n\u00e9cessaires \u00bb.<\/p>\n<p class=\"paragraph\">\u00ab\u00a0Le Conseil f\u00e9d\u00e9ral et l&rsquo;Assembl\u00e9e f\u00e9d\u00e9rale ont minimis\u00e9 le probl\u00e8me, mais c&rsquo;est un choix politique. Les choses sont un peu diff\u00e9rentes \u00e0 Neuch\u00e2tel (&#8230;) On peut classer la p\u00e9tition, mais pas notre responsabilit\u00e9 \u00bb, a ajout\u00e9 Mauro Moruzzi.<\/p>\n<p class=\"paragraph\">Etant donn\u00e9 les \u00ab\u00a0d\u00e9sinformations\u00a0\u00bb sur la crise climatique et \u00e9cologique, qui \u00ab\u00a0est le plus grand d\u00e9fi auquel on doit faire face, chaque d\u00e9put\u00e9 doit \u00eatre d\u00fbment inform\u00e9. Il n&rsquo;est pas insens\u00e9 de mettre en place une formation obligatoire ou fortement recommand\u00e9e \u00bb, a expliqu\u00e9 la Verte Clo\u00e9 Dutoit.<\/p>\n<p class=\"paragraphHeadline\">Mandat libre<\/p>\n<p class=\"paragraph\">Si la socialiste Fabienne Robert-Nicoud a rappel\u00e9 que \u00ab\u00a0le climat est une priorit\u00e9 absolue\u00a0\u00bb et que \u00ab\u00a0la crise est trop importante pour laisser totalement la libert\u00e9 de vote \u00bb, le groupe PS \u00e9tait partag\u00e9 sur l&rsquo;obligation d&rsquo;une formation sur ce sujet. \u00ab\u00a0L&rsquo;inaction climatique rel\u00e8ve-t-il encore d&rsquo;un manque de formation ? \u00bb, s&rsquo;est interrog\u00e9e la d\u00e9put\u00e9e.<\/p>\n<p class=\"paragraph\">Manon Freitag, membre du groupe PLR-Le Centre, a rappel\u00e9 que \u00ab\u00a0le mandat de d\u00e9put\u00e9 est libre\u00a0\u00bb et que chaque membre du Grand Conseil peut choisir librement de compl\u00e9ter ses connaissances. Elle a rappel\u00e9 que le bureau du parlement a d\u00e9j\u00e0 organis\u00e9 en 2022 une s\u00e9ance d&rsquo;information sur le sujet.<\/p>\n<p class=\"paragraph\">La d\u00e9put\u00e9e UDC Roxann Barbezat craint la cr\u00e9ation d&rsquo;un pr\u00e9c\u00e9dent. \u00ab\u00a0Des outils existent d\u00e9j\u00e0. Il n&rsquo;appartient pas au bureau d&rsquo;imposer\u00a0\u00bb une formation sur une th\u00e9matique, a-t-elle ajout\u00e9.<\/p>\n<p class=\"paragraph\">Les 195 signataires de la p\u00e9tition, d\u00e9pos\u00e9e le 9 d\u00e9cembre 2025 par la Gr\u00e8ve du climat, demandaient que le bureau du Grand Conseil organise une formation sur le r\u00e9chauffement climatique, la crise \u00e9cologique et leurs enjeux \u00e0 chaque l\u00e9gislature et, si possible, lors de la premi\u00e8re ann\u00e9e de celle-ci. Selon elle, si cette formation ne peut pas \u00eatre rendue obligatoire, tout devrait \u00eatre mis en \u0153uvre afin d\u2019encourager et de permettre une participation la plus large possible. \/ats<\/p>\n","protected":false},"excerpt":{"rendered":"La p\u00e9tition demandant une formation obligatoire pour les d\u00e9put\u00e9s sur le r\u00e9chauffement climatique et la crise \u00e9cologique a&hellip;\n","protected":false},"author":2,"featured_media":286705,"comment_status":"","ping_status":"","sticky":false,"template":"","format":"standard","meta":{"footnotes":"","_share_on_mastodon":"0"},"categories":[3],"tags":[121,124,128,119,122,123,118,136,132,131,133,130,135,120,126,117,125,114,115,116,23,129,127,134],"class_list":["post-286704","post","type-post","status-publish","format-standard","has-post-thumbnail","category-suisse","tag-ajoie","tag-animation","tag-bienne","tag-delemont","tag-franches-montagnes","tag-frequence","tag-jura","tag-jura-bernois","tag-la-chaux-de-fonds","tag-moutier","tag-neuchatel","tag-neuveville","tag-payerne","tag-porrentruy","tag-publicite","tag-radio","tag-redaction","tag-rfj","tag-rjb","tag-rtn","tag-suisse","tag-tavannes","tag-vallon-de-st-imier","tag-yverdon"],"share_on_mastodon":{"url":"https:\/\/pubeurope.com\/@ch_fr\/117197663623155121","error":""},"_links":{"self":[{"href":"https:\/\/www.europesays.com\/ch-fr\/wp-json\/wp\/v2\/posts\/286704","targetHints":{"allow":["GET"]}}],"collection":[{"href":"https:\/\/www.europesays.com\/ch-fr\/wp-json\/wp\/v2\/posts"}],"about":[{"href":"https:\/\/www.europesays.com\/ch-fr\/wp-json\/wp\/v2\/types\/post"}],"author":[{"embeddable":true,"href":"https:\/\/www.europesays.com\/ch-fr\/wp-json\/wp\/v2\/users\/2"}],"replies":[{"embeddable":true,"href":"https:\/\/www.europesays.com\/ch-fr\/wp-json\/wp\/v2\/comments?post=286704"}],"version-history":[{"count":0,"href":"https:\/\/www.europesays.com\/ch-fr\/wp-json\/wp\/v2\/posts\/286704\/revisions"}],"wp:featuredmedia":[{"embeddable":true,"href":"https:\/\/www.europesays.com\/ch-fr\/wp-json\/wp\/v2\/media\/286705"}],"wp:attachment":[{"href":"https:\/\/www.europesays.com\/ch-fr\/wp-json\/wp\/v2\/media?parent=286704"}],"wp:term":[{"taxonomy":"category","embeddable":true,"href":"https:\/\/www.europesays.com\/ch-fr\/wp-json\/wp\/v2\/categories?post=286704"},{"taxonomy":"post_tag","embeddable":true,"href":"https:\/\/www.europesays.com\/ch-fr\/wp-json\/wp\/v2\/tags?post=286704"}],"curies":[{"name":"wp","href":"https:\/\/api.w.org\/{rel}","templated":true}]}}