{"id":286714,"date":"2026-09-01T20:33:12","date_gmt":"2026-09-01T20:33:12","guid":{"rendered":"https:\/\/www.europesays.com\/ch-fr\/286714\/"},"modified":"2026-09-01T20:33:12","modified_gmt":"2026-09-01T20:33:12","slug":"des-places-encore-disponibles-au-conservatoire-et-a-lecole-des-beaux-arts-de-saint-brieuc","status":"publish","type":"post","link":"https:\/\/www.europesays.com\/ch-fr\/286714\/","title":{"rendered":"Des places encore disponibles au conservatoire et \u00e0 l\u2019\u00e9cole des Beaux-arts de Saint-Brieuc"},"content":{"rendered":"<p>Envie de jouer d\u2019un instrument ? De danser ou de peindre ? Il n\u2019est pas trop tard pour s\u2019inscrire \u00e0 certains cours du conservatoire et de l\u2019\u00e9cole des Beaux-Arts de Saint-Brieuc, en cette rentr\u00e9e. Dans les deux \u00e9tablissements, les cours reprennent d\u00e8s le lundi 7 septembre.<\/p>\n<p>Des places en danse et musique pour les plus jeunes<\/p>\n<p>Au conservatoire, les plus jeunes peuvent toujours s\u2019enregistrer en danse et musique : au \u00ab Jardin des arts \u00bb pour les enfants en grande section et \u00e0 l\u2019\u00e9veil-initiation danse instruments, pour les enfants de CP-CE1. Par ailleurs, il reste des places au sein du ch\u0153ur, et en cours de danse classique et en danse contemporaine. Sachant que cette ann\u00e9e, les ch\u0153urs d\u2019enfants et d\u2019ados participent \u00e0 \u00ab Objectifs Ch\u0153ur ! \u00bb, port\u00e9 par l\u2019Op\u00e9ra de Rennes.<\/p>\n<p>Toujours des places \u00e0 l\u2019\u00e9cole des Beaux-arts<\/p>\n<p>M\u00eame son de cloche \u00e0 l\u2019\u00e9cole des Beaux-arts : des places sont toujours disponibles pour les plus jeunes (5-6 ans) et en \u00ab initiation \u00e0 l\u2019histoire de l\u2019art \u00bb, pour les 15-18 ans. Les cours pour les enfants sont tr\u00e8s vari\u00e9s, allant du dessin, de la peinture, au modelage et \u00e0 la maquette, notamment. Alors que les cours pour adultes, eux, se concentrent sur une discipline. Les adultes peuvent d\u2019ailleurs profiter d\u2019un nouveau cr\u00e9neau atelier mod\u00e8le vivant, propos\u00e9 un samedi sur deux.<\/p>\n<p>C\u00f4t\u00e9 tarif, le prix des cours est index\u00e9 sur le quotient familial pour les Briochins, que ce soit dans l\u2019un ou l\u2019autre des \u00e9tablissements. Les fiches d\u2019inscription sont disponibles sur place et sur le site internet de la ville. Des \u00e9quipes seront pr\u00e9sentes <a href=\"https:\/\/www.letelegramme.fr\/cotes-d-armor\/saint-brieuc-22000\/a-saint-brieuc-le-forum-des-associations-est-un-rendez-vous-incontournable-le-5-septembre-7108903.php\" rel=\"nofollow noopener\" target=\"_blank\">au forum des associations, le samedi 5 septembre<\/a>.<\/p>\n<p>Pratique<\/p>\n","protected":false},"excerpt":{"rendered":"Envie de jouer d\u2019un instrument ? De danser ou de peindre ? Il n\u2019est pas trop tard pour&hellip;\n","protected":false},"author":2,"featured_media":286715,"comment_status":"","ping_status":"","sticky":false,"template":"","format":"standard","meta":{"footnotes":"","_share_on_mastodon":"0"},"categories":[14],"tags":[6029,155,156,172,113,2721,112,141,952,23],"class_list":["post-286714","post","type-post","status-publish","format-standard","has-post-thumbnail","category-arts-et-design","tag-art-plastique","tag-arts-and-design","tag-arts-et-design","tag-culture","tag-divertissement","tag-enseignement","tag-entertainment","tag-musique","tag-saint-brieuc","tag-suisse"],"share_on_mastodon":{"url":"https:\/\/pubeurope.com\/@ch_fr\/117197695227961202","error":""},"_links":{"self":[{"href":"https:\/\/www.europesays.com\/ch-fr\/wp-json\/wp\/v2\/posts\/286714","targetHints":{"allow":["GET"]}}],"collection":[{"href":"https:\/\/www.europesays.com\/ch-fr\/wp-json\/wp\/v2\/posts"}],"about":[{"href":"https:\/\/www.europesays.com\/ch-fr\/wp-json\/wp\/v2\/types\/post"}],"author":[{"embeddable":true,"href":"https:\/\/www.europesays.com\/ch-fr\/wp-json\/wp\/v2\/users\/2"}],"replies":[{"embeddable":true,"href":"https:\/\/www.europesays.com\/ch-fr\/wp-json\/wp\/v2\/comments?post=286714"}],"version-history":[{"count":0,"href":"https:\/\/www.europesays.com\/ch-fr\/wp-json\/wp\/v2\/posts\/286714\/revisions"}],"wp:featuredmedia":[{"embeddable":true,"href":"https:\/\/www.europesays.com\/ch-fr\/wp-json\/wp\/v2\/media\/286715"}],"wp:attachment":[{"href":"https:\/\/www.europesays.com\/ch-fr\/wp-json\/wp\/v2\/media?parent=286714"}],"wp:term":[{"taxonomy":"category","embeddable":true,"href":"https:\/\/www.europesays.com\/ch-fr\/wp-json\/wp\/v2\/categories?post=286714"},{"taxonomy":"post_tag","embeddable":true,"href":"https:\/\/www.europesays.com\/ch-fr\/wp-json\/wp\/v2\/tags?post=286714"}],"curies":[{"name":"wp","href":"https:\/\/api.w.org\/{rel}","templated":true}]}}