{"id":286718,"date":"2026-09-01T20:35:23","date_gmt":"2026-09-01T20:35:23","guid":{"rendered":"https:\/\/www.europesays.com\/ch-fr\/286718\/"},"modified":"2026-09-01T20:35:23","modified_gmt":"2026-09-01T20:35:23","slug":"patrick-bruel-annule-sa-tournee-alors-regarde-35-voici-les-consequences-financieres-pour-le-chanteur","status":"publish","type":"post","link":"https:\/\/www.europesays.com\/ch-fr\/286718\/","title":{"rendered":"Patrick Bruel annule sa tourn\u00e9e \u00ab\u00a0Alors regarde 35\u00a0\u00bb\u00a0: voici les cons\u00e9quences financi\u00e8res pour le chanteur"},"content":{"rendered":"<p><a href=\"https:\/\/www.dhnet.be\/lifestyle\/magazine\/2026\/09\/01\/patrick-bruel-annule-sa-tournee-son-concert-a-forest-national-naura-pas-lieu-NFQ72O7WKRGHZH4A352S63BHO4\/\" target=\"_self\" class=\"ap-StoryInterstitialLink ap-StoryElement ap-StoryElement--mb js-paywall-target\" rel=\"nofollow noopener\">Patrick Bruel annule sa tourn\u00e9e et son concert \u00e0 Forest National : \u00ab\u00a0Une d\u00e9cision qui s&rsquo;imposait et qui aurait d\u00fb relever de l&rsquo;\u00e9vidence\u00a0\u00bb<\/a>Une facture tr\u00e8s sal\u00e9e\u2026<\/p>\n<p class=\"ap-StoryElement ap-StoryElement--mb ap-StoryText\">On parle des 35 dates qui devaient avoir lieu entre le 2 octobre et le 21 novembre, dont celle de Forest National, \u00e0 Bruxelles. Elles viennent s&rsquo;ajouter aux trois concerts parisiens annul\u00e9s en juin dernier, ainsi qu&rsquo;aux festivals que le chanteur avait d\u00e9cid\u00e9 de ne pas honorer, soit pr\u00e8s d&rsquo;une douzaine de dates, dont celle de Bastogne.<\/p>\n<p class=\"ap-StoryElement ap-StoryElement--mb ap-StoryText\">Au total, hors concerts au Qu\u00e9bec qui ont \u00e9t\u00e9 annul\u00e9s par les organisateurs avant l&rsquo;\u00e9t\u00e9, c&rsquo;est une cinquantaine de dates pour lesquelles Patrick Bruel va devoir sortir son ch\u00e9quier. L&rsquo;addition devrait se chiffrer en dizaines de millions d&rsquo;euros : remboursement des tickets (150 000 vendus !), location des salles, frais de promotion, frais logistiques\u2026<\/p>\n<p><a href=\"https:\/\/www.dhnet.be\/lifestyle\/people\/2026\/08\/19\/affaire-patrick-bruel-une-nouvelle-plainte-contre-le-chanteur-la-victime-etait-extremement-jeune-au-moment-des-faits-denonces-tout-juste-majeure-TXWFIZL75RBDXKB4YRR3PBGRR4\/\" target=\"_self\" class=\"ap-StoryInterstitialLink ap-StoryElement ap-StoryElement--mb\" rel=\"nofollow noopener\">Affaire Patrick Bruel &#8211; Une nouvelle plainte contre le chanteur: la victime \u00ab\u00a0\u00e9tait extr\u00eamement jeune au moment des faits d\u00e9nonc\u00e9s, tout juste majeure\u00a0\u00bb<\/a>Une centaine de personnes impact\u00e9es directement<\/p>\n<p class=\"ap-StoryElement ap-StoryElement--mb ap-StoryText\">Tout cela sans compter la production du spectacle lui-m\u00eame. Cet \u00e9t\u00e9, sur BFMTV, Nicolas Petit, chef des informations chez Voici, avait expliqu\u00e9 qu&rsquo;en raison de la situation, Patrick Bruel avait d\u00fb, pour convaincre ses musiciens et techniciens de le suivre sur la route, leur apporter des garanties. \u00ab\u00a0Si la tourn\u00e9e \u00e9tait annul\u00e9e au bout de quelques dates, s&rsquo;il y a trop d&rsquo;importantes manifestations de collectifs f\u00e9ministes par exemple, les musiciens seraient pay\u00e9s sur les 35 dates m\u00eame s&rsquo;ils n&rsquo;en font que trois ou dix\u00a0\u00bb, avait-il d\u00e9clar\u00e9.<\/p>\n<p class=\"ap-StoryElement ap-StoryElement--mb ap-StoryText\">Dans son message sur Instagram annon\u00e7ant l&rsquo;annulation de ses concerts, il explique que c&rsquo;\u00e9tait au total une centaine de personnes, hommes et femmes, qui travaillaient depuis des mois \u00e0 la r\u00e9ussite de ces concerts.<\/p>\n<p class=\"ap-StoryElement ap-StoryElement--mb ap-StoryText\">Contact\u00e9 par La DH, le tourneur belge derri\u00e8re le concert du 6 octobre \u00e0 Forest National, n&rsquo;a pas souhait\u00e9 s&rsquo;exprimer sur les cons\u00e9quences pour son entreprise. Il s&rsquo;est content\u00e9 de prendre acte de la d\u00e9cision prise par Patrick Bruel.<\/p>\n<p><a href=\"https:\/\/www.dhnet.be\/lifestyle\/people\/2026\/07\/07\/affaire-patrick-bruel-je-ne-crois-pas-a-un-retour-en-grace-MVPIA6PEDNFTRDPPX27YODY4JA\/\" target=\"_self\" class=\"ap-StoryInterstitialLink ap-StoryElement ap-StoryElement--mb\" rel=\"nofollow noopener\">Affaire Patrick Bruel: \u00ab\u00a0Je ne crois pas \u00e0 un retour en gr\u00e2ce\u00a0\u00bb<\/a><\/p>\n<p class=\"ap-StoryElement ap-StoryElement--mb ap-StoryText\">\u00c0 titre de comparaison, Le Dauphin\u00e9 Lib\u00e9r\u00e9 citait, d\u00e9but juin, le cas de l&rsquo;annulation des 46 concerts du Multitude Tour de Stromae suite \u00e0 des probl\u00e8mes de sant\u00e9. L&rsquo;ardoise avait \u00e9t\u00e9 estim\u00e9e \u00e0 pr\u00e8s de 23 millions d&rsquo;euros.<\/p>\n","protected":false},"excerpt":{"rendered":"Patrick Bruel annule sa tourn\u00e9e et son concert \u00e0 Forest National : \u00ab\u00a0Une d\u00e9cision qui s&rsquo;imposait et qui&hellip;\n","protected":false},"author":2,"featured_media":286719,"comment_status":"","ping_status":"","sticky":false,"template":"","format":"standard","meta":{"footnotes":"","_share_on_mastodon":"0"},"categories":[12],"tags":[3980,639,113,112,8574,140,141,23],"class_list":["post-286718","post","type-post","status-publish","format-standard","has-post-thumbnail","category-musique","tag-bastogne","tag-bruxelles-villes","tag-divertissement","tag-entertainment","tag-forest","tag-music","tag-musique","tag-suisse"],"share_on_mastodon":{"url":"https:\/\/pubeurope.com\/@ch_fr\/117197702708521650","error":""},"_links":{"self":[{"href":"https:\/\/www.europesays.com\/ch-fr\/wp-json\/wp\/v2\/posts\/286718","targetHints":{"allow":["GET"]}}],"collection":[{"href":"https:\/\/www.europesays.com\/ch-fr\/wp-json\/wp\/v2\/posts"}],"about":[{"href":"https:\/\/www.europesays.com\/ch-fr\/wp-json\/wp\/v2\/types\/post"}],"author":[{"embeddable":true,"href":"https:\/\/www.europesays.com\/ch-fr\/wp-json\/wp\/v2\/users\/2"}],"replies":[{"embeddable":true,"href":"https:\/\/www.europesays.com\/ch-fr\/wp-json\/wp\/v2\/comments?post=286718"}],"version-history":[{"count":0,"href":"https:\/\/www.europesays.com\/ch-fr\/wp-json\/wp\/v2\/posts\/286718\/revisions"}],"wp:featuredmedia":[{"embeddable":true,"href":"https:\/\/www.europesays.com\/ch-fr\/wp-json\/wp\/v2\/media\/286719"}],"wp:attachment":[{"href":"https:\/\/www.europesays.com\/ch-fr\/wp-json\/wp\/v2\/media?parent=286718"}],"wp:term":[{"taxonomy":"category","embeddable":true,"href":"https:\/\/www.europesays.com\/ch-fr\/wp-json\/wp\/v2\/categories?post=286718"},{"taxonomy":"post_tag","embeddable":true,"href":"https:\/\/www.europesays.com\/ch-fr\/wp-json\/wp\/v2\/tags?post=286718"}],"curies":[{"name":"wp","href":"https:\/\/api.w.org\/{rel}","templated":true}]}}