{"id":286732,"date":"2026-09-01T20:45:20","date_gmt":"2026-09-01T20:45:20","guid":{"rendered":"https:\/\/www.europesays.com\/ch-fr\/286732\/"},"modified":"2026-09-01T20:45:20","modified_gmt":"2026-09-01T20:45:20","slug":"burnham-promet-un-controle-accru-sur-les-services-essentiels-2","status":"publish","type":"post","link":"https:\/\/www.europesays.com\/ch-fr\/286732\/","title":{"rendered":"Burnham promet un contr\u00f4le accru sur les services essentiels"},"content":{"rendered":"<p class=\"wysiwyg-h2\">Le Premier ministre britannique Andy Burnham a affirm\u00e9 mardi que l&rsquo;Etat allait exercer &lsquo;un contr\u00f4le accru&rsquo; sur &lsquo;les biens essentiels&rsquo;, notamment l&rsquo;eau, annon\u00e7ant la pr\u00e9sentation prochaine d&rsquo;un plan sur dix ans, \u00e0 l&rsquo;occasion de sa premi\u00e8re prise de parole au Parlement.<\/p>\n<p>&lsquo;Depuis les ann\u00e9es 1980, ce pays a pris une s\u00e9rie de mauvaises directions &#8211; le pouvoir politique a \u00e9t\u00e9 centralis\u00e9, le pouvoir \u00e9conomique privatis\u00e9, le pays d\u00e9sindustrialis\u00e9&rsquo;, a d\u00e9clar\u00e9 le dirigeant travailliste.<\/p>\n<p>&lsquo;Plus tard dans l&rsquo;ann\u00e9e, notre plan sur dix ans pour la Grande-Bretagne pr\u00e9sentera des mesures visant un contr\u00f4le public plus fort sur ces biens essentiels, afin qu&rsquo;ils fonctionnent \u00e0 nouveau au service des habitants et des territoires&rsquo;, a-t-il ajout\u00e9, sans plus de pr\u00e9cision.<\/p>\n<p>Avant m\u00eame son arriv\u00e9e au pouvoir en juillet, Andy Burnham avait fait savoir qu&rsquo;il \u00e9tait favorable \u00e0 un plus grand contr\u00f4le de l&rsquo;Etat, notamment dans la distribution d&rsquo;eau o\u00f9 la principale compagnie, Thames Water, est en grande difficult\u00e9 financi\u00e8re.<\/p>\n<p>Nationalisation?<\/p>\n<p>Le spectre d&rsquo;une co\u00fbteuse nationalisation plane sur cette entreprise aux 16 millions de clients, en grande partie dans la r\u00e9gion de Londres, qui a vu sa dette s&rsquo;alourdir au fil des ans. Le Premier ministre ne s&rsquo;est pas encore prononc\u00e9 sur le sujet.<\/p>\n<p>Entre un endettement massif, des investissements jug\u00e9s insuffisants et les rejets d&rsquo;eaux us\u00e9es dans l&rsquo;environnement, le secteur de l&rsquo;eau, privatis\u00e9 \u00e0 la fin des ann\u00e9es 1980, est la cible de critiques r\u00e9currentes au Royaume-Uni.<\/p>\n<p>Andy Burnham, qui a fait de la d\u00e9fense du pouvoir d&rsquo;achat sa priorit\u00e9, a insist\u00e9 mardi sur ses premi\u00e8res mesures en la mati\u00e8re, dont la suppression de la TVA sur l&rsquo;\u00e9lectricit\u00e9.<\/p>\n<p>Le premier budget de son gouvernement sera pr\u00e9sent\u00e9 le 28 octobre par le ministre des Finances, John Healey.<\/p>\n<p>Hausses d&rsquo;imp\u00f4ts?<\/p>\n<p>Les attentes sont \u00e9lev\u00e9es et les sp\u00e9culations nombreuses sur les aides aux m\u00e9nages et les \u00e9ventuelles hausses d&rsquo;imp\u00f4ts qui pourraient \u00eatre annonc\u00e9es \u00e0 cette occasion, mais les prises de parole gouvernementales sur le sujet restent pour l&rsquo;heure tr\u00e8s g\u00e9n\u00e9rales.<\/p>\n<p>La marge de manoeuvre de l&rsquo;ex\u00e9cutif demeure limit\u00e9e par son engagement \u00e0 respecter les r\u00e8gles budg\u00e9taires h\u00e9rit\u00e9es du pr\u00e9c\u00e9dent gouvernement, ainsi que par un contexte \u00e9conomique contraint, marqu\u00e9 par un regain d&rsquo;inflation, \u00e0 2,9% en juillet, et par des taux d&#8217;emprunt \u00e0 dix ans \u00e0 leur plus haut niveau depuis la crise financi\u00e8re de 2008.<\/p>\n<p> \/ATS<\/p>\n","protected":false},"excerpt":{"rendered":"Le Premier ministre britannique Andy Burnham a affirm\u00e9 mardi que l&rsquo;Etat allait exercer &lsquo;un contr\u00f4le accru&rsquo; sur &lsquo;les&hellip;\n","protected":false},"author":2,"featured_media":286733,"comment_status":"","ping_status":"","sticky":false,"template":"","format":"standard","meta":{"footnotes":"","_share_on_mastodon":"0"},"categories":[4],"tags":[22,121,124,128,119,122,123,118,136,132,131,133,130,21,135,120,126,117,125,114,115,116,23,129,127,134],"class_list":["post-286732","post","type-post","status-publish","format-standard","has-post-thumbnail","category-actualites","tag-actualites","tag-ajoie","tag-animation","tag-bienne","tag-delemont","tag-franches-montagnes","tag-frequence","tag-jura","tag-jura-bernois","tag-la-chaux-de-fonds","tag-moutier","tag-neuchatel","tag-neuveville","tag-news","tag-payerne","tag-porrentruy","tag-publicite","tag-radio","tag-redaction","tag-rfj","tag-rjb","tag-rtn","tag-suisse","tag-tavannes","tag-vallon-de-st-imier","tag-yverdon"],"share_on_mastodon":{"url":"https:\/\/pubeurope.com\/@ch_fr\/117197741931098270","error":""},"_links":{"self":[{"href":"https:\/\/www.europesays.com\/ch-fr\/wp-json\/wp\/v2\/posts\/286732","targetHints":{"allow":["GET"]}}],"collection":[{"href":"https:\/\/www.europesays.com\/ch-fr\/wp-json\/wp\/v2\/posts"}],"about":[{"href":"https:\/\/www.europesays.com\/ch-fr\/wp-json\/wp\/v2\/types\/post"}],"author":[{"embeddable":true,"href":"https:\/\/www.europesays.com\/ch-fr\/wp-json\/wp\/v2\/users\/2"}],"replies":[{"embeddable":true,"href":"https:\/\/www.europesays.com\/ch-fr\/wp-json\/wp\/v2\/comments?post=286732"}],"version-history":[{"count":0,"href":"https:\/\/www.europesays.com\/ch-fr\/wp-json\/wp\/v2\/posts\/286732\/revisions"}],"wp:featuredmedia":[{"embeddable":true,"href":"https:\/\/www.europesays.com\/ch-fr\/wp-json\/wp\/v2\/media\/286733"}],"wp:attachment":[{"href":"https:\/\/www.europesays.com\/ch-fr\/wp-json\/wp\/v2\/media?parent=286732"}],"wp:term":[{"taxonomy":"category","embeddable":true,"href":"https:\/\/www.europesays.com\/ch-fr\/wp-json\/wp\/v2\/categories?post=286732"},{"taxonomy":"post_tag","embeddable":true,"href":"https:\/\/www.europesays.com\/ch-fr\/wp-json\/wp\/v2\/tags?post=286732"}],"curies":[{"name":"wp","href":"https:\/\/api.w.org\/{rel}","templated":true}]}}