{"id":286864,"date":"2026-09-01T22:15:18","date_gmt":"2026-09-01T22:15:18","guid":{"rendered":"https:\/\/www.europesays.com\/ch-fr\/286864\/"},"modified":"2026-09-01T22:15:18","modified_gmt":"2026-09-01T22:15:18","slug":"la-loi-sur-les-langues-officielles-au-menu-des-deputes-fribourgeois","status":"publish","type":"post","link":"https:\/\/www.europesays.com\/ch-fr\/286864\/","title":{"rendered":"La loi sur les langues officielles au menu des d\u00e9put\u00e9s fribourgeois"},"content":{"rendered":"<p class=\"wysiwyg-h2\">Les d\u00e9put\u00e9s fribourgeois ont commenc\u00e9 mardi l&rsquo;examen de la loi sur les langues officielles et la promotion du bilinguisme (LLOPB), une premi\u00e8re. Le c\u0153ur du projet consiste \u00e0 pr\u00e9ciser dans la loi les conditions permettant \u00e0 une commune de d\u00e9finir son ou ses idiomes.<\/p>\n<p>La loi propose la possibilit\u00e9 pour une commune comptant une importante minorit\u00e9 linguistique autochtone (10% depuis au moins 25 ans) d&rsquo;avoir pour langues officielles le fran\u00e7ais et l&rsquo;allemand, apr\u00e8s un vote populaire, selon la copie du Conseil d&rsquo;Etat, o\u00f9 le dossier est port\u00e9 par le ministre des institutions Didier Castella.<\/p>\n<p>Le texte entend pr\u00e9ciser les crit\u00e8res pour qu&rsquo;une communaut\u00e9 soit consid\u00e9r\u00e9e comme autochtone et importante. Une commune comptant une telle minorit\u00e9 pourra se doter de deux langues officielles, mais sans contrainte, sachant que la d\u00e9cision est &lsquo;essentielle pour l\u2019identit\u00e9 et la coh\u00e9sion de la population&rsquo;.<\/p>\n<p>Dix communes, sur les 120 du canton, totalisant 68\u2019000 habitants sur 350&rsquo;000, remplissent les crit\u00e8res pour avoir deux langues officielles. Suite des d\u00e9bats vendredi.<\/p>\n<p> \/ATS<\/p>\n","protected":false},"excerpt":{"rendered":"Les d\u00e9put\u00e9s fribourgeois ont commenc\u00e9 mardi l&rsquo;examen de la loi sur les langues officielles et la promotion du&hellip;\n","protected":false},"author":2,"featured_media":286865,"comment_status":"","ping_status":"","sticky":false,"template":"","format":"standard","meta":{"footnotes":"","_share_on_mastodon":"0"},"categories":[4],"tags":[22,121,124,128,119,122,123,118,136,132,131,133,130,21,135,120,126,117,125,114,115,116,23,129,127,134],"class_list":["post-286864","post","type-post","status-publish","format-standard","has-post-thumbnail","category-actualites","tag-actualites","tag-ajoie","tag-animation","tag-bienne","tag-delemont","tag-franches-montagnes","tag-frequence","tag-jura","tag-jura-bernois","tag-la-chaux-de-fonds","tag-moutier","tag-neuchatel","tag-neuveville","tag-news","tag-payerne","tag-porrentruy","tag-publicite","tag-radio","tag-redaction","tag-rfj","tag-rjb","tag-rtn","tag-suisse","tag-tavannes","tag-vallon-de-st-imier","tag-yverdon"],"share_on_mastodon":{"url":"https:\/\/pubeurope.com\/@ch_fr\/117198095919985517","error":""},"_links":{"self":[{"href":"https:\/\/www.europesays.com\/ch-fr\/wp-json\/wp\/v2\/posts\/286864","targetHints":{"allow":["GET"]}}],"collection":[{"href":"https:\/\/www.europesays.com\/ch-fr\/wp-json\/wp\/v2\/posts"}],"about":[{"href":"https:\/\/www.europesays.com\/ch-fr\/wp-json\/wp\/v2\/types\/post"}],"author":[{"embeddable":true,"href":"https:\/\/www.europesays.com\/ch-fr\/wp-json\/wp\/v2\/users\/2"}],"replies":[{"embeddable":true,"href":"https:\/\/www.europesays.com\/ch-fr\/wp-json\/wp\/v2\/comments?post=286864"}],"version-history":[{"count":0,"href":"https:\/\/www.europesays.com\/ch-fr\/wp-json\/wp\/v2\/posts\/286864\/revisions"}],"wp:featuredmedia":[{"embeddable":true,"href":"https:\/\/www.europesays.com\/ch-fr\/wp-json\/wp\/v2\/media\/286865"}],"wp:attachment":[{"href":"https:\/\/www.europesays.com\/ch-fr\/wp-json\/wp\/v2\/media?parent=286864"}],"wp:term":[{"taxonomy":"category","embeddable":true,"href":"https:\/\/www.europesays.com\/ch-fr\/wp-json\/wp\/v2\/categories?post=286864"},{"taxonomy":"post_tag","embeddable":true,"href":"https:\/\/www.europesays.com\/ch-fr\/wp-json\/wp\/v2\/tags?post=286864"}],"curies":[{"name":"wp","href":"https:\/\/api.w.org\/{rel}","templated":true}]}}