{"id":286878,"date":"2026-09-01T22:28:15","date_gmt":"2026-09-01T22:28:15","guid":{"rendered":"https:\/\/www.europesays.com\/ch-fr\/286878\/"},"modified":"2026-09-01T22:28:15","modified_gmt":"2026-09-01T22:28:15","slug":"mercato-sunderland-nabandonne-pas-lailier-de-lol-malick-fofana-et-tente-de-doubler-crystal-palace-lequipe","status":"publish","type":"post","link":"https:\/\/www.europesays.com\/ch-fr\/286878\/","title":{"rendered":"Mercato : Sunderland n&#039;abandonne pas l&#039;ailier de l&#039;OL Malick Fofana et tente de doubler Crystal Palace &#8211; L&#039;\u00c9quipe"},"content":{"rendered":"<p><a href=\"https:\/\/news.google.com\/rss\/articles\/CBMi5gFBVV95cUxPeXUwREQtX0dwajhBQzZ4N29OZ3VLU0VQYkp0QUNIMWtTemZnZktRN3VZcUR5YUtLUHpoQVhvY0NTMjVaMVE1WDhxU0Y3cUQ2NkZYbVJmVXp2djI0eWc5R3pfQS1qMFhfYU9ISG5WbmVBOXlZMTJWUjNwUGNzYUg2Y3dfeWFSZjFsTUVhaGM1MnBSaVg4OW9xdzVseU1GLW41bE9UM1R1NEZ5amticFBvbzFsLUlva0xvZG1VRXpHQWFTeXJUN0pkSUJORkRKRkFXT2NtNThRSXRMUXJtc2N1ZC1vRU0yQQ?oc=5\" target=\"_blank\" rel=\"nofollow noopener\">Mercato : Sunderland n&rsquo;abandonne pas l&rsquo;ailier de l&rsquo;OL Malick Fofana et tente de doubler Crystal Palace<\/a>&nbsp;&nbsp;L&rsquo;\u00c9quipe<a href=\"https:\/\/news.google.com\/rss\/articles\/CBMi1AFBVV95cUxOY0pJQzZqTlBZOGwwOXJyNEtBNzlSbHJXdVNKcjIzM2pRTFhsejVJbXNwU3F4UVJxdEExbzFJcEpLSllrVUJULWtvMlloQnV4bXRsNUQzQnNGQW5Fb2JtSWFBMkoxQXYwUlJXV0ZnVzVtRXdoWmY0ZzVnVHpRaHNuaXhockJuU2QtQlVWWEdEeXhvVWFsZnlwYW9mME90OEVlNkI3LVJYYmlhRWZOekxOS05YRlA1NWk5X3hiZXA2WFNIVGZMVExIZVlRUl9hU2Y4S2xCTQ?oc=5\" target=\"_blank\" rel=\"nofollow noopener\">Mercato : Crystal Palace pourrait d\u00e9tourner le joueur de l&rsquo;OL Malick Fofana de Sunderland<\/a>&nbsp;&nbsp;L&rsquo;\u00c9quipe<a href=\"https:\/\/news.google.com\/rss\/articles\/CBMiogFBVV95cUxOT21rYTZIZ3plR3N2cDN2RnJlTE9qU0lKY2ltaDZCODBRaHBTd1VDSE5rY0Jmc0pmQ1NITkJ6U0dic01Fd1l4eDRXTFRSOEcwVzdqcy13ZTNFNDlXWHFkeW1NY1l6aUQ2YXZxcUNkQWZabFJ5YTIzR0JsaVVTaDJsUkJjSDRfeElqQS1NVGo3cmVzRDFTX2s1a3RidkhwbktHNUE?oc=5\" target=\"_blank\" rel=\"nofollow noopener\">L\u2019OL acc\u00e9l\u00e8re pour Keito Nakamura, qui a d\u00e9j\u00e0 dit oui aux Gones<\/a>&nbsp;&nbsp;Foot Mercato<a href=\"https:\/\/news.google.com\/rss\/articles\/CBMiswFBVV95cUxNZ01xbGJEclk3enBhbG1iRmwtSUVoajJkYjBCbTNnRFlrVTlFclEyeHZBWmRkYTZzRTBBcExOR1BkNktkNUNMU3Y5a2VqQjA2SUN6am8wR19pRkhlVV91WFJIbGF6Z09lckJEN252aDI5bzU3ZWVHSldNY00zcy01MnNXU2hwWHQ3X0x4bEozMGtzZG5yV0hjaUlOdWMwVDIxNWFwVTltczRFNjNraWk1eDBxcw?oc=5\" target=\"_blank\" rel=\"nofollow noopener\">En direct. Mercato de l&rsquo;OL : Youssouf Fofana ne viendra pas, Malick Fofana finalement \u00e0 Sunderland ?<\/a>&nbsp;&nbsp;Le Progr\u00e8s<a href=\"https:\/\/news.google.com\/rss\/articles\/CBMinAFBVV95cUxNdTBzS0NKdGxTUVBXVXFXSFVMVkt5aC0xWkJkYUJPY3g1TGF0ejE0U3Vyd1lDOHFQVzBxRVU0b0VKTHNFd3hLRnZNYllLbVN2aXRTa0tZdWVRQnMxX0hXM0RJeGhmUUhxZVRGQU5YR3VhRWF1Y1RaQVNyNWtsN1pqS3RhVDQtUU1RTnAzVUUzaWVNVE9EVjRPeUtZQks?oc=5\" target=\"_blank\" rel=\"nofollow noopener\">OL : 7 millions de plus pour Fofana gr\u00e2ce \u00e0 Pierre Sage<\/a>&nbsp;&nbsp;Sport.fr<\/p>\n","protected":false},"excerpt":{"rendered":"Mercato : Sunderland n&rsquo;abandonne pas l&rsquo;ailier de l&rsquo;OL Malick Fofana et tente de doubler Crystal Palace&nbsp;&nbsp;L&rsquo;\u00c9quipeMercato : Crystal&hellip;\n","protected":false},"author":2,"featured_media":286879,"comment_status":"","ping_status":"","sticky":false,"template":"","format":"standard","meta":{"footnotes":"","_share_on_mastodon":"0"},"categories":[8],"tags":[16259,34025,182,43270,85,75,23,62295,24045],"class_list":["post-286878","post","type-post","status-publish","format-standard","has-post-thumbnail","category-sports","tag-actus-et-infos","tag-crystal-palace","tag-football","tag-hugo-guillemet","tag-lyon","tag-sports","tag-suisse","tag-sunderland","tag-transferts-football"],"share_on_mastodon":{"url":"https:\/\/pubeurope.com\/@ch_fr\/117198147517541550","error":""},"_links":{"self":[{"href":"https:\/\/www.europesays.com\/ch-fr\/wp-json\/wp\/v2\/posts\/286878","targetHints":{"allow":["GET"]}}],"collection":[{"href":"https:\/\/www.europesays.com\/ch-fr\/wp-json\/wp\/v2\/posts"}],"about":[{"href":"https:\/\/www.europesays.com\/ch-fr\/wp-json\/wp\/v2\/types\/post"}],"author":[{"embeddable":true,"href":"https:\/\/www.europesays.com\/ch-fr\/wp-json\/wp\/v2\/users\/2"}],"replies":[{"embeddable":true,"href":"https:\/\/www.europesays.com\/ch-fr\/wp-json\/wp\/v2\/comments?post=286878"}],"version-history":[{"count":0,"href":"https:\/\/www.europesays.com\/ch-fr\/wp-json\/wp\/v2\/posts\/286878\/revisions"}],"wp:featuredmedia":[{"embeddable":true,"href":"https:\/\/www.europesays.com\/ch-fr\/wp-json\/wp\/v2\/media\/286879"}],"wp:attachment":[{"href":"https:\/\/www.europesays.com\/ch-fr\/wp-json\/wp\/v2\/media?parent=286878"}],"wp:term":[{"taxonomy":"category","embeddable":true,"href":"https:\/\/www.europesays.com\/ch-fr\/wp-json\/wp\/v2\/categories?post=286878"},{"taxonomy":"post_tag","embeddable":true,"href":"https:\/\/www.europesays.com\/ch-fr\/wp-json\/wp\/v2\/tags?post=286878"}],"curies":[{"name":"wp","href":"https:\/\/api.w.org\/{rel}","templated":true}]}}