{"id":286880,"date":"2026-09-01T22:29:10","date_gmt":"2026-09-01T22:29:10","guid":{"rendered":"https:\/\/www.europesays.com\/ch-fr\/286880\/"},"modified":"2026-09-01T22:29:10","modified_gmt":"2026-09-01T22:29:10","slug":"samsung-galaxy-s25-la-beta-de-one-ui-9-est-disponible-frandroid","status":"publish","type":"post","link":"https:\/\/www.europesays.com\/ch-fr\/286880\/","title":{"rendered":"Samsung Galaxy S25 : la b\u00eata de One UI 9 est disponible \u2014 Frandroid"},"content":{"rendered":"<p>Cela faisait plusieurs mois que seuls les Galaxy S26 pouvaient tester en avant-premi\u00e8re One UI 9, derni\u00e8re version de la surcouche Android sign\u00e9e Samsung. Les Galaxy S de 2025 y ont droit aussi d\u00e9sormais, mais pas partout.<\/p>\n<p><a rel=\"noopener nofollow\" target=\"_blank\" href=\"https:\/\/images.frandroid.com\/wp-content\/uploads\/2025\/02\/samsung-galaxy-s25-11-1-scaled.jpg\" class=\"article-content__figure\"><img fetchpriority=\"high\" decoding=\"async\" loading=\"eager\" width=\"1200\" height=\"801\" src=\"https:\/\/www.europesays.com\/ch-fr\/wp-content\/uploads\/2026\/09\/samsung-galaxy-s25-11-1-scaled.jpg\" alt=\"\" class=\"wp-image-2508465 wp-image wp-image\"  \/><\/a>Samsung Galaxy S25+ \/\/ Source : Chlo\u00e9 Pertuis pour Frandroid<\/p>\n<p>Tester les nouveaut\u00e9s d\u2019Android en avant-premi\u00e8re, c\u2019est possible. Il suffit de s\u2019inscrire au programme permettant de recevoir les versions b\u00eatas des futures mises \u00e0 jour. \u00c7a fonctionne aussi pour certaines surcouches, par exemple One UI de Samsung. Si vous avez un <a href=\"https:\/\/www.frandroid.com\/marques\/samsung\/3187991_galaxy-z-flip-8-fold-8-fold-8-ultra-comprendre-la-gamme-des-smartphones-pliables-samsung\" rel=\"nofollow noopener\" target=\"_blank\">Galaxy Z Fold 8, Z Fold 8 Ultra ou Z Flip 8<\/a>, vous tournez d\u00e9j\u00e0 sous <a href=\"https:\/\/www.frandroid.com\/marques\/samsung\/3157275_samsung-one-ui-9-la-liste-des-premiers-appareils-galaxy-compatibles-est-la\" rel=\"nofollow noopener\" target=\"_blank\">One UI 9<\/a>, bas\u00e9e sur <a href=\"https:\/\/www.frandroid.com\/android\/3143587_android-17-arrive-aujourdhui-voici-les-nouveautes-et-les-smartphones-compatibles\" rel=\"nofollow noopener\" target=\"_blank\">Android 17<\/a>.<\/p>\n<p>Les d\u00e9tenteurs d\u2019un membre de la famille <a href=\"https:\/\/www.frandroid.com\/produits\/smartphones\/samsung\/2988001-samsung-galaxy-s26\" rel=\"nofollow noopener\" target=\"_blank\">Galaxy S26<\/a> peuvent quant \u00e0 eux essayer une <a href=\"https:\/\/www.frandroid.com\/marques\/samsung\/3224793_samsung-galaxy-s26-la-beta-7-de-one-ui-9-apporte-de-nouvelles-fonctions-ia\" rel=\"nofollow noopener\" target=\"_blank\">b\u00eata de One UI 9<\/a>,<a href=\"https:\/\/www.frandroid.com\/marques\/samsung\/3224793_samsung-galaxy-s26-la-beta-7-de-one-ui-9-apporte-de-nouvelles-fonctions-ia\" rel=\"nofollow noopener\" target=\"_blank\"> actuellement \u00e0 sa 7e it\u00e9ration<\/a> qui d\u00e9bloque des <a href=\"https:\/\/www.frandroid.com\/marques\/samsung\/3228697_one-ui-9-samsung-fait-descendre-les-fonctions-ia-du-z-fold-8-sur-les-galaxy-s26\" rel=\"nofollow noopener\" target=\"_blank\">fonctionnalit\u00e9s IA jusque-l\u00e0 exclusives au Z Fold 8<\/a>.<\/p>\n<p>Et comme l\u2019a rep\u00e9r\u00e9 le leaker Tarun Vats sur <a rel=\"noopener nofollow\" target=\"_blank\" href=\"https:\/\/x.com\/tarunvats33\/status\/2094699331072991350\">X (Twitter)<\/a>, c\u2019est d\u00e9sormais au tour des <a href=\"https:\/\/www.frandroid.com\/marques\/samsung\/2492280_test-du-samsung-galaxy-s25-sans-surprise-mais-pas-sans-saveur\" rel=\"nofollow noopener\" target=\"_blank\">Galaxy S25<\/a> d\u2019\u00eatre servis. La b\u00eata p\u00e8se un peu plus de 3,8 Go et son num\u00e9ro de s\u00e9rie se termine par ZZHL\/DZHK. On ignore encore si le <a href=\"https:\/\/www.frandroid.com\/marques\/samsung\/2646685_test-du-samsung-galaxy-s25-edge-a-qui-peut-on-vraiment-recommander-ce-smartphone\" rel=\"nofollow noopener\" target=\"_blank\">Galaxy S25 Edge<\/a> fait partie des heureux \u00e9lus. En revanche, le <a href=\"https:\/\/www.frandroid.com\/test\/2808149_test-samsung-galaxy-s25-fe-le-meilleur-rapport-performances-prix-de-la-gamme-galaxy-s\" rel=\"nofollow noopener\" target=\"_blank\">Galaxy S25 FE<\/a> est pris en charge en Cor\u00e9e du Sud.<\/p>\n<p>One UI 9 est disponible en b\u00eata sur Galaxy S25, mais toujours pas en France<\/p>\n<p>Actuellement, seuls la Cor\u00e9e du Sud, l\u2019Inde et le Royaume-Uni peuvent pr\u00e9tendre installer la premi\u00e8re b\u00eata de One UI 9 sur un Galaxy S25. Si Samsung suit la m\u00eame logique que pour les S26, l\u2019Allemagne, la Pologne et les \u00c9tats-Unis suivront bient\u00f4t.<\/p>\n<p class=\"shortcode-container see-more\">\n    \u00c0 lire aussi : <br \/><a href=\"https:\/\/www.frandroid.com\/marques\/samsung\/3142919_samsung-simplifie-enfin-lacces-a-ses-betas-one-ui-voici-ce-qui-change\" rel=\"nofollow noopener\" target=\"_blank\">Samsung simplifie enfin l\u2019acc\u00e8s \u00e0 ses b\u00eatas One UI : voici ce qui change<\/a>\n<\/p>\n<p>Rappelons que la France ne figure pas explicitement dans la <a rel=\"noopener nofollow\" target=\"_blank\" href=\"https:\/\/news.samsung.com\/fr\/one_ui_9_beta\">liste des pays<\/a> pouvant tester la prochaine version de la surcouche de Samsung. Dans l\u2019Hexagone, il faudra sans doute attendre le d\u00e9ploiement de la version stable. Sauf retard, elle arrivera entre septembre et octobre 2026 pour les <a href=\"https:\/\/www.frandroid.com\/produits\/smartphones\/samsung\/2988001-samsung-galaxy-s26\" rel=\"nofollow noopener\" target=\"_blank\">Galaxy S26<\/a>, <a href=\"https:\/\/www.frandroid.com\/produits\/smartphones\/samsung\/2479368-samsung-galaxy-s25\" rel=\"nofollow noopener\" target=\"_blank\">S25<\/a>, <a href=\"https:\/\/www.frandroid.com\/produits\/smartphones\/samsung\/1912777-samsung-galaxy-s24\" rel=\"nofollow noopener\" target=\"_blank\">S24<\/a> et <a href=\"https:\/\/www.frandroid.com\/produits\/smartphones\/samsung\/1591567-samsung-galaxy-s23\" rel=\"nofollow noopener\" target=\"_blank\">S23<\/a>.<\/p>\n","protected":false},"excerpt":{"rendered":"Cela faisait plusieurs mois que seuls les Galaxy S26 pouvaient tester en avant-premi\u00e8re One UI 9, derni\u00e8re version&hellip;\n","protected":false},"author":2,"featured_media":286881,"comment_status":"","ping_status":"","sticky":false,"template":"","format":"standard","meta":{"footnotes":"","_share_on_mastodon":"0"},"categories":[7],"tags":[6801,9888,9889,9890,62296,42018,6630,61,57,59,58,23,60,62],"class_list":["post-286880","post","type-post","status-publish","format-standard","has-post-thumbnail","category-sciences-et-technologies","tag-samsung-galaxy-s25","tag-samsung-galaxy-s25-edge","tag-samsung-galaxy-s25-fe","tag-samsung-galaxy-s25-plus","tag-samsung-galaxy-s25-pro","tag-samsung-one-ui","tag-samsung-one-ui-9","tag-science","tag-science-and-technology","tag-sciences","tag-sciences-et-technologies","tag-suisse","tag-technologies","tag-technology"],"share_on_mastodon":{"url":"https:\/\/pubeurope.com\/@ch_fr\/117198151381940988","error":""},"_links":{"self":[{"href":"https:\/\/www.europesays.com\/ch-fr\/wp-json\/wp\/v2\/posts\/286880","targetHints":{"allow":["GET"]}}],"collection":[{"href":"https:\/\/www.europesays.com\/ch-fr\/wp-json\/wp\/v2\/posts"}],"about":[{"href":"https:\/\/www.europesays.com\/ch-fr\/wp-json\/wp\/v2\/types\/post"}],"author":[{"embeddable":true,"href":"https:\/\/www.europesays.com\/ch-fr\/wp-json\/wp\/v2\/users\/2"}],"replies":[{"embeddable":true,"href":"https:\/\/www.europesays.com\/ch-fr\/wp-json\/wp\/v2\/comments?post=286880"}],"version-history":[{"count":0,"href":"https:\/\/www.europesays.com\/ch-fr\/wp-json\/wp\/v2\/posts\/286880\/revisions"}],"wp:featuredmedia":[{"embeddable":true,"href":"https:\/\/www.europesays.com\/ch-fr\/wp-json\/wp\/v2\/media\/286881"}],"wp:attachment":[{"href":"https:\/\/www.europesays.com\/ch-fr\/wp-json\/wp\/v2\/media?parent=286880"}],"wp:term":[{"taxonomy":"category","embeddable":true,"href":"https:\/\/www.europesays.com\/ch-fr\/wp-json\/wp\/v2\/categories?post=286880"},{"taxonomy":"post_tag","embeddable":true,"href":"https:\/\/www.europesays.com\/ch-fr\/wp-json\/wp\/v2\/tags?post=286880"}],"curies":[{"name":"wp","href":"https:\/\/api.w.org\/{rel}","templated":true}]}}