{"id":286920,"date":"2026-09-01T23:04:16","date_gmt":"2026-09-01T23:04:16","guid":{"rendered":"https:\/\/www.europesays.com\/ch-fr\/286920\/"},"modified":"2026-09-01T23:04:16","modified_gmt":"2026-09-01T23:04:16","slug":"us-open-belinda-bencic-eliminee-des-le-premier-tour","status":"publish","type":"post","link":"https:\/\/www.europesays.com\/ch-fr\/286920\/","title":{"rendered":"US Open : Belinda Bencic \u00e9limin\u00e9e d\u00e8s le premier tour"},"content":{"rendered":"<p>Belinda Bencic (WTA 12) s&rsquo;est fait battre au premier tour de l&rsquo;US Open. La Saint-Galloise s&rsquo;est inclin\u00e9e 4-6 7-5 6-3 face \u00e0 Yulia Putintseva (4).<\/p>\n<p>Un petit tour et puis s&rsquo;en va pour Belinda Bencic \u00e0 New York. La derni\u00e8re Suissesse en lice n&rsquo;a pas fait mieux que ses coll\u00e8gues Golubic et Waltert dans le Queens. L&rsquo;an dernier, elle avait pli\u00e9 bagage au 2e tour, cette fois c&rsquo;est encore plus t\u00f4t. Tout avait pourtant bien commenc\u00e9 pour la Saint-Galloise dans ce 7e duel. Elle menait 3-0, mais a laiss\u00e9 son adversaire revenir \u00e0 \u00e9galit\u00e9. Elle a finalement remport\u00e9 le 1er set apr\u00e8s une double faute de Putintseva..<\/p>\n<p>Sc\u00e9nario presque identique dans la 2e manche. Alors qu&rsquo;elle avait break\u00e9 la Kazakhstanaise et menait 2-0, la Saint-Galloise a imm\u00e9diatement perdu son engagement et ce en d\u00e9pit de 2 balles de 3-0. Constat presque similaire dans le jeu suivant o\u00f9 Bencic a galvaud\u00e9 3 balles de break. Adepte des lobs et des amorties, Putintseva a tout fait pour ne pas donner de rythme \u00e0 la championne olympique de Tokyo.<\/p>\n<p>Bencic a fini par craquer<\/p>\n<p>Bencic a fini par craquer \u00e0 5-5. Elle a alors perdu son service blanc. Putintseva a ensuite tr\u00e8s bien servi pour empocher le set 7-5. Dans le troisi\u00e8me set, la Kazakhstanaise a serr\u00e9 le jeu sur son service. Elle a failli passer devant \u00e0 2-2, mais Bencic a su se faire violence. Mais comme lors de la manche pr\u00e9c\u00e9dente, tout s&rsquo;est d\u00e9lit\u00e9 une fois que la tension est mont\u00e9e d&rsquo;un cran. Putintseva a finalement enlev\u00e9 les 8 derniers points de la partie en prenant 2 fois le service de la Saint-Galloise qui a commis 9 double-fautes au total.<\/p>\n<p class=\"sources\">ats\/bur<\/p>\n","protected":false},"excerpt":{"rendered":"Belinda Bencic (WTA 12) s&rsquo;est fait battre au premier tour de l&rsquo;US Open. La Saint-Galloise s&rsquo;est inclin\u00e9e 4-6&hellip;\n","protected":false},"author":2,"featured_media":286921,"comment_status":"","ping_status":"","sticky":false,"template":"","format":"standard","meta":{"footnotes":"","_share_on_mastodon":"0"},"categories":[8],"tags":[4338,913,186,75,23,4344,39561,4345,61855,62303,62304],"class_list":["post-286920","post","type-post","status-publish","format-standard","has-post-thumbnail","category-sports","tag-belinda-bencic","tag-saint-gall","tag-sport","tag-sports","tag-suisse","tag-tennis","tag-us-open-de-tennis","tag-wta","tag-wta-us-open-1-64","tag-yulia-putintseva","tag-yulia-putintseva-belinda-bencic"],"share_on_mastodon":{"url":"https:\/\/pubeurope.com\/@ch_fr\/117198288848669379","error":""},"_links":{"self":[{"href":"https:\/\/www.europesays.com\/ch-fr\/wp-json\/wp\/v2\/posts\/286920","targetHints":{"allow":["GET"]}}],"collection":[{"href":"https:\/\/www.europesays.com\/ch-fr\/wp-json\/wp\/v2\/posts"}],"about":[{"href":"https:\/\/www.europesays.com\/ch-fr\/wp-json\/wp\/v2\/types\/post"}],"author":[{"embeddable":true,"href":"https:\/\/www.europesays.com\/ch-fr\/wp-json\/wp\/v2\/users\/2"}],"replies":[{"embeddable":true,"href":"https:\/\/www.europesays.com\/ch-fr\/wp-json\/wp\/v2\/comments?post=286920"}],"version-history":[{"count":0,"href":"https:\/\/www.europesays.com\/ch-fr\/wp-json\/wp\/v2\/posts\/286920\/revisions"}],"wp:featuredmedia":[{"embeddable":true,"href":"https:\/\/www.europesays.com\/ch-fr\/wp-json\/wp\/v2\/media\/286921"}],"wp:attachment":[{"href":"https:\/\/www.europesays.com\/ch-fr\/wp-json\/wp\/v2\/media?parent=286920"}],"wp:term":[{"taxonomy":"category","embeddable":true,"href":"https:\/\/www.europesays.com\/ch-fr\/wp-json\/wp\/v2\/categories?post=286920"},{"taxonomy":"post_tag","embeddable":true,"href":"https:\/\/www.europesays.com\/ch-fr\/wp-json\/wp\/v2\/tags?post=286920"}],"curies":[{"name":"wp","href":"https:\/\/api.w.org\/{rel}","templated":true}]}}