{"id":286956,"date":"2026-09-01T23:40:15","date_gmt":"2026-09-01T23:40:15","guid":{"rendered":"https:\/\/www.europesays.com\/ch-fr\/286956\/"},"modified":"2026-09-01T23:40:15","modified_gmt":"2026-09-01T23:40:15","slug":"sl-le-milieu-koba-koindredi-de-retour-au-ls-2","status":"publish","type":"post","link":"https:\/\/www.europesays.com\/ch-fr\/286956\/","title":{"rendered":"SL: Le milieu Koba Koindredi de retour au LS"},"content":{"rendered":"<p class=\"wysiwyg-h2\">Le milieu de terrain Koba Koindredi fait son retour au LS, a annonc\u00e9 le club de Super League mardi. Jusqu&rsquo;ici sous contrat avec le Sporting Lisbonne, le Fran\u00e7ais s&rsquo;est engag\u00e9 jusqu&rsquo;en juin 2029.<\/p>\n<p>Lors de l&rsquo;exercice \u00e9coul\u00e9, Koindredi (24 ans) avait \u00e9t\u00e9 pr\u00eat\u00e9 par le club portugais \u00e0 B\u00e2le, o\u00f9 il avait disput\u00e9 41 rencontres pour 2 buts et une passe d\u00e9cisive d\u00e9livr\u00e9e. L&rsquo;ex-international M19 avait d\u00e9j\u00e0 \u00e9volu\u00e9 avec le LS lors de la saison 2024\/25 (toujours en pr\u00eat du Sporting), o\u00f9 il \u00e9tait apparu \u00e0 36 reprises sous les couleurs lausannoises pour sept passes d\u00e9cisives d\u00e9livr\u00e9es et un but.<\/p>\n<p> \/ATS<\/p>\n","protected":false},"excerpt":{"rendered":"Le milieu de terrain Koba Koindredi fait son retour au LS, a annonc\u00e9 le club de Super League&hellip;\n","protected":false},"author":2,"featured_media":286957,"comment_status":"","ping_status":"","sticky":false,"template":"","format":"standard","meta":{"footnotes":"","_share_on_mastodon":"0"},"categories":[8],"tags":[121,124,128,119,122,123,118,136,132,131,133,130,135,120,126,117,125,114,115,116,75,23,129,127,134],"class_list":["post-286956","post","type-post","status-publish","format-standard","has-post-thumbnail","category-sports","tag-ajoie","tag-animation","tag-bienne","tag-delemont","tag-franches-montagnes","tag-frequence","tag-jura","tag-jura-bernois","tag-la-chaux-de-fonds","tag-moutier","tag-neuchatel","tag-neuveville","tag-payerne","tag-porrentruy","tag-publicite","tag-radio","tag-redaction","tag-rfj","tag-rjb","tag-rtn","tag-sports","tag-suisse","tag-tavannes","tag-vallon-de-st-imier","tag-yverdon"],"share_on_mastodon":{"url":"https:\/\/pubeurope.com\/@ch_fr\/117198430150242511","error":""},"_links":{"self":[{"href":"https:\/\/www.europesays.com\/ch-fr\/wp-json\/wp\/v2\/posts\/286956","targetHints":{"allow":["GET"]}}],"collection":[{"href":"https:\/\/www.europesays.com\/ch-fr\/wp-json\/wp\/v2\/posts"}],"about":[{"href":"https:\/\/www.europesays.com\/ch-fr\/wp-json\/wp\/v2\/types\/post"}],"author":[{"embeddable":true,"href":"https:\/\/www.europesays.com\/ch-fr\/wp-json\/wp\/v2\/users\/2"}],"replies":[{"embeddable":true,"href":"https:\/\/www.europesays.com\/ch-fr\/wp-json\/wp\/v2\/comments?post=286956"}],"version-history":[{"count":0,"href":"https:\/\/www.europesays.com\/ch-fr\/wp-json\/wp\/v2\/posts\/286956\/revisions"}],"wp:featuredmedia":[{"embeddable":true,"href":"https:\/\/www.europesays.com\/ch-fr\/wp-json\/wp\/v2\/media\/286957"}],"wp:attachment":[{"href":"https:\/\/www.europesays.com\/ch-fr\/wp-json\/wp\/v2\/media?parent=286956"}],"wp:term":[{"taxonomy":"category","embeddable":true,"href":"https:\/\/www.europesays.com\/ch-fr\/wp-json\/wp\/v2\/categories?post=286956"},{"taxonomy":"post_tag","embeddable":true,"href":"https:\/\/www.europesays.com\/ch-fr\/wp-json\/wp\/v2\/tags?post=286956"}],"curies":[{"name":"wp","href":"https:\/\/api.w.org\/{rel}","templated":true}]}}