{"id":286964,"date":"2026-09-01T23:47:11","date_gmt":"2026-09-01T23:47:11","guid":{"rendered":"https:\/\/www.europesays.com\/ch-fr\/286964\/"},"modified":"2026-09-01T23:47:11","modified_gmt":"2026-09-01T23:47:11","slug":"xamax-puni-au-bout-du-temps-additionnel","status":"publish","type":"post","link":"https:\/\/www.europesays.com\/ch-fr\/286964\/","title":{"rendered":"Xamax puni au bout du temps additionnel"},"content":{"rendered":"<p>La mauvaise passe se poursuit pour Neuch\u00e2tel Xamax. Les hommes de Bruno Berner ont subi un nouveau revers 2-1 face \u00e0 Yverdon Sport au stade de la Maladi\u00e8re mardi soir en Challenge League de football.\u00a0\u00a0Les \u00ab rouge et noir \u00bb conc\u00e8dent leur troisi\u00e8me d\u00e9faite cons\u00e9cutive, toujours sur le m\u00eame score. Une s\u00e9rie frustrante, d\u2019autant que les hommes de Bruno Berner auraient certainement m\u00e9rit\u00e9 mieux au terme de ce Derby du lac.<\/p>\n<p>D\u00e9but de match \u00e0 la renverse<\/p>\n<p>Tout a pourtant mal commenc\u00e9. D\u00e8s la 4e minute, Yverdon obtenait un penalty discutable et prenait les devants. Une entame compliqu\u00e9e pour Xamax, qui a progressivement retrouv\u00e9 ses esprits. Les footballeurs neuch\u00e2telois ont fini par \u00eatre r\u00e9compens\u00e9s de leur r\u00e9action \u00e0 la 36e minute, lorsque leur attaquant nig\u00e9rian, Peter Ambrose, a remis les deux \u00e9quipes \u00e0 \u00e9galit\u00e9 d\u2019un joli coup de t\u00eate pour son premier but sous ses nouvelles couleurs.<\/p>\n<p align=\"left\">Des occasions, mais pas de seconde r\u00e9ussite<\/p>\n<p>Et si le sc\u00e9nario semblait alors relanc\u00e9, Xamax a longtemps couru apr\u00e8s ce deuxi\u00e8me but sans parvenir \u00e0 le trouver. Les \u00ab rouge et noir \u00bb ont pourtant bien entam\u00e9 la seconde p\u00e9riode et se sont procur\u00e9s plusieurs situations franches. Il a toutefois manqu\u00e9 ce petit quelque chose dans le dernier geste pour faire basculer ce premier derby du lac de la saison.\u00a0Le jeune d\u00e9fenseur neuch\u00e2telois, Loic Veya, titularis\u00e9 mardi soir, restait toutefois positif dans la d\u00e9faite.<\/p>\n<p>Le rouge qui condamne<\/p>\n<p>Puis est arriv\u00e9 le tournant de la rencontre. En fin de temps r\u00e9glementaire (87e), Camara a \u00e9t\u00e9 expuls\u00e9, une d\u00e9cision jug\u00e9e s\u00e9v\u00e8re dans le camp neuch\u00e2telois. \u00ab Si on ne re\u00e7oit pas ce carton rouge, je pense qu\u2019Yverdon n\u2019aurait marqu\u00e9 ce deuxi\u00e8me but \u00bb, relevait objectivement l\u2019entraineur des \u00ab rouge et noir \u00bb, Bruno Berner. \u00c0 dix contre onze, Xamax a r\u00e9sist\u00e9, mais a fini par c\u00e9der dans les arr\u00eats de jeu. L\u2019exp\u00e9riment\u00e9, Varol Tasar, a offert la victoire \u00e0 Yverdon d\u2019une superbe frappe \u00e0 l\u2019or\u00e9e des seize m\u00e8tres et plong\u00e9, une fois de plus, le maigre public pr\u00e9sent \u00e0 la Maladi\u00e8re dans la frustration. Cruel pour les Xamaxiens, qui auront longtemps tenu t\u00eate \u00e0 un adversaire disposant d\u2019une profondeur de banc importante, notamment sur le plan offensif. Yverdon a fait parler ses ressources au meilleur moment.<\/p>\n<p>Xamax, lui, repart avec des regrets et un troisi\u00e8me revers de rang. Les \u00ab rouge et noir \u00bb sont cinqui\u00e8mes au classement avec neuf points et auront rapidement l\u2019occasion de r\u00e9agir vendredi du c\u00f4t\u00e9 de Winterthour, une rencontre \u00e0 suivre en direct sur RTN d\u00e8s 20h00. \/dje<\/p>\n","protected":false},"excerpt":{"rendered":"La mauvaise passe se poursuit pour Neuch\u00e2tel Xamax. Les hommes de Bruno Berner ont subi un nouveau revers&hellip;\n","protected":false},"author":2,"featured_media":286965,"comment_status":"","ping_status":"","sticky":false,"template":"","format":"standard","meta":{"footnotes":"","_share_on_mastodon":"0"},"categories":[4],"tags":[22,121,124,128,119,122,123,118,136,132,131,133,130,21,135,120,126,117,125,114,115,116,23,129,127,134],"class_list":["post-286964","post","type-post","status-publish","format-standard","has-post-thumbnail","category-actualites","tag-actualites","tag-ajoie","tag-animation","tag-bienne","tag-delemont","tag-franches-montagnes","tag-frequence","tag-jura","tag-jura-bernois","tag-la-chaux-de-fonds","tag-moutier","tag-neuchatel","tag-neuveville","tag-news","tag-payerne","tag-porrentruy","tag-publicite","tag-radio","tag-redaction","tag-rfj","tag-rjb","tag-rtn","tag-suisse","tag-tavannes","tag-vallon-de-st-imier","tag-yverdon"],"share_on_mastodon":{"url":"https:\/\/pubeurope.com\/@ch_fr\/117198457530740229","error":""},"_links":{"self":[{"href":"https:\/\/www.europesays.com\/ch-fr\/wp-json\/wp\/v2\/posts\/286964","targetHints":{"allow":["GET"]}}],"collection":[{"href":"https:\/\/www.europesays.com\/ch-fr\/wp-json\/wp\/v2\/posts"}],"about":[{"href":"https:\/\/www.europesays.com\/ch-fr\/wp-json\/wp\/v2\/types\/post"}],"author":[{"embeddable":true,"href":"https:\/\/www.europesays.com\/ch-fr\/wp-json\/wp\/v2\/users\/2"}],"replies":[{"embeddable":true,"href":"https:\/\/www.europesays.com\/ch-fr\/wp-json\/wp\/v2\/comments?post=286964"}],"version-history":[{"count":0,"href":"https:\/\/www.europesays.com\/ch-fr\/wp-json\/wp\/v2\/posts\/286964\/revisions"}],"wp:featuredmedia":[{"embeddable":true,"href":"https:\/\/www.europesays.com\/ch-fr\/wp-json\/wp\/v2\/media\/286965"}],"wp:attachment":[{"href":"https:\/\/www.europesays.com\/ch-fr\/wp-json\/wp\/v2\/media?parent=286964"}],"wp:term":[{"taxonomy":"category","embeddable":true,"href":"https:\/\/www.europesays.com\/ch-fr\/wp-json\/wp\/v2\/categories?post=286964"},{"taxonomy":"post_tag","embeddable":true,"href":"https:\/\/www.europesays.com\/ch-fr\/wp-json\/wp\/v2\/tags?post=286964"}],"curies":[{"name":"wp","href":"https:\/\/api.w.org\/{rel}","templated":true}]}}