{"id":286974,"date":"2026-09-01T23:58:21","date_gmt":"2026-09-01T23:58:21","guid":{"rendered":"https:\/\/www.europesays.com\/ch-fr\/286974\/"},"modified":"2026-09-01T23:58:21","modified_gmt":"2026-09-01T23:58:21","slug":"nouveaux-departs-a-la-tete-du-nifff","status":"publish","type":"post","link":"https:\/\/www.europesays.com\/ch-fr\/286974\/","title":{"rendered":"Nouveaux d\u00e9parts \u00e0 la t\u00eate du NIFFF"},"content":{"rendered":"<p>Les automnes se suivent et se ressemblent au NIFFF. Apr\u00e8s s\u2019\u00eatre<a href=\"https:\/\/www.rtn.ch\/Scripts\/Index.aspx?id=9425705\" rel=\"nofollow noopener\" target=\"_blank\"> s\u00e9par\u00e9 de son ancien directeur g\u00e9n\u00e9ral et administratif<\/a> en novembre 2025, le Festival international du film fantastique de Neuch\u00e2tel annonce ce mardi recruter sa prochaine codirection. Le comit\u00e9 indique mettre au concours deux postes de direction \u2013 administratif et artistique \u2013 apr\u00e8s \u00ab un int\u00e9rim rondement men\u00e9 \u00bb.<\/p>\n<p>La prochaine \u00e9dition du NIFFF, qui se tiendra du 2 au 10 juillet, ne sera donc plus pilot\u00e9e par le duo Kate Reidy et Hugues Houmard. Contact\u00e9e, Kate Reidy a d\u00e9clar\u00e9 \u00ab n\u2019avoir aucun commentaire \u00e0 faire \u00bb sur l\u2019\u00e9volution de sa carri\u00e8re professionnelle. \/aju<\/p>\n","protected":false},"excerpt":{"rendered":"Les automnes se suivent et se ressemblent au NIFFF. Apr\u00e8s s\u2019\u00eatre s\u00e9par\u00e9 de son ancien directeur g\u00e9n\u00e9ral et&hellip;\n","protected":false},"author":2,"featured_media":286975,"comment_status":"","ping_status":"","sticky":false,"template":"","format":"standard","meta":{"footnotes":"","_share_on_mastodon":"0"},"categories":[10],"tags":[121,124,128,119,113,112,122,123,118,136,132,131,133,130,135,120,126,117,125,114,115,116,23,129,127,134],"class_list":["post-286974","post","type-post","status-publish","format-standard","has-post-thumbnail","category-divertissement","tag-ajoie","tag-animation","tag-bienne","tag-delemont","tag-divertissement","tag-entertainment","tag-franches-montagnes","tag-frequence","tag-jura","tag-jura-bernois","tag-la-chaux-de-fonds","tag-moutier","tag-neuchatel","tag-neuveville","tag-payerne","tag-porrentruy","tag-publicite","tag-radio","tag-redaction","tag-rfj","tag-rjb","tag-rtn","tag-suisse","tag-tavannes","tag-vallon-de-st-imier","tag-yverdon"],"share_on_mastodon":{"url":"https:\/\/pubeurope.com\/@ch_fr\/117198501033113228","error":""},"_links":{"self":[{"href":"https:\/\/www.europesays.com\/ch-fr\/wp-json\/wp\/v2\/posts\/286974","targetHints":{"allow":["GET"]}}],"collection":[{"href":"https:\/\/www.europesays.com\/ch-fr\/wp-json\/wp\/v2\/posts"}],"about":[{"href":"https:\/\/www.europesays.com\/ch-fr\/wp-json\/wp\/v2\/types\/post"}],"author":[{"embeddable":true,"href":"https:\/\/www.europesays.com\/ch-fr\/wp-json\/wp\/v2\/users\/2"}],"replies":[{"embeddable":true,"href":"https:\/\/www.europesays.com\/ch-fr\/wp-json\/wp\/v2\/comments?post=286974"}],"version-history":[{"count":0,"href":"https:\/\/www.europesays.com\/ch-fr\/wp-json\/wp\/v2\/posts\/286974\/revisions"}],"wp:featuredmedia":[{"embeddable":true,"href":"https:\/\/www.europesays.com\/ch-fr\/wp-json\/wp\/v2\/media\/286975"}],"wp:attachment":[{"href":"https:\/\/www.europesays.com\/ch-fr\/wp-json\/wp\/v2\/media?parent=286974"}],"wp:term":[{"taxonomy":"category","embeddable":true,"href":"https:\/\/www.europesays.com\/ch-fr\/wp-json\/wp\/v2\/categories?post=286974"},{"taxonomy":"post_tag","embeddable":true,"href":"https:\/\/www.europesays.com\/ch-fr\/wp-json\/wp\/v2\/tags?post=286974"}],"curies":[{"name":"wp","href":"https:\/\/api.w.org\/{rel}","templated":true}]}}