{"id":286988,"date":"2026-09-02T00:05:21","date_gmt":"2026-09-02T00:05:21","guid":{"rendered":"https:\/\/www.europesays.com\/ch-fr\/286988\/"},"modified":"2026-09-02T00:05:21","modified_gmt":"2026-09-02T00:05:21","slug":"assouplissement-des-restrictions-liees-aux-feux-en-plein-air","status":"publish","type":"post","link":"https:\/\/www.europesays.com\/ch-fr\/286988\/","title":{"rendered":"Assouplissement des restrictions li\u00e9es aux feux en plein air"},"content":{"rendered":"<p>Apr\u00e8s bient\u00f4t deux mois de restrictions li\u00e9es \u00e0 la s\u00e8cheresse, le Canton du Jura l\u00e8ve ce mardi l\u2019interdiction de faire du feu en plein air sur l\u2019ensemble du territoire cantonal. Concr\u00e8tement, il est par exemple \u00e0 nouveau possible d\u2019utiliser des grills et barbecues sur sa terrasse. Un assouplissement rendu possible par les pr\u00e9cipitations tomb\u00e9es ces derniers jours ainsi que la baisse des temp\u00e9ratures.\u00a0\u00ab\u00a0Le degr\u00e9 de danger d\u2019incendie en for\u00eat passe ainsi du degr\u00e9 4, fort, au degr\u00e9 3, marqu\u00e9, sur l\u2019ensemble du territoire cantonal\u00a0\u00bb, indique l&rsquo;Office de l&rsquo;environnement.<\/p>\n<p>Faire du feu au sol en for\u00eat reste interdit<\/p>\n<p>En for\u00eat et dans les p\u00e2turages bois\u00e9s, l\u2019interdiction absolue de faire du feu est \u00e9galement lev\u00e9e, mais certaines restrictions sont maintenues. \u00ab Les feux \u00e0 m\u00eame le sol ainsi que l\u2019usage de grills et de barbecues, \u00e0 charbon comme \u00e0 bois, restent interdits en for\u00eat, dans les p\u00e2turages bois\u00e9s et \u00e0 proximit\u00e9 de ces p\u00e9rim\u00e8tres \u00bb, pr\u00e9cise l\u2019Office de l\u2019environnement. Les feux allum\u00e9s dans des foyers fixes et am\u00e9nag\u00e9s en dur, par exemple en cabane foresti\u00e8re, sont en revanche \u00e0 nouveau autoris\u00e9s.\u00a0<\/p>\n<p>Deux jours apr\u00e8s la Braderie, les feux d&rsquo;artifice \u00e0 nouveau autoris\u00e9s<\/p>\n<p>Parall\u00e8lement, l&rsquo;Etablissement cantonal d&rsquo;assurance (ECA) l\u00e8ve l&rsquo;interdiction des feux d&rsquo;artifice qui \u00e9tait en vigueur depuis le 22 juillet. Ils \u00e9taient encore proscrits le week-end dernier lors de la Braderie de Porrentruy, ainsi que pour les festivit\u00e9s du 1er ao\u00fbt.\u00a0\/comm-jpi<\/p>\n","protected":false},"excerpt":{"rendered":"Apr\u00e8s bient\u00f4t deux mois de restrictions li\u00e9es \u00e0 la s\u00e8cheresse, le Canton du Jura l\u00e8ve ce mardi l\u2019interdiction&hellip;\n","protected":false},"author":2,"featured_media":286989,"comment_status":"","ping_status":"","sticky":false,"template":"","format":"standard","meta":{"footnotes":"","_share_on_mastodon":"0"},"categories":[4],"tags":[22,121,124,128,119,122,123,118,136,132,131,133,130,21,135,120,126,117,125,114,115,116,23,129,127,134],"class_list":["post-286988","post","type-post","status-publish","format-standard","has-post-thumbnail","category-actualites","tag-actualites","tag-ajoie","tag-animation","tag-bienne","tag-delemont","tag-franches-montagnes","tag-frequence","tag-jura","tag-jura-bernois","tag-la-chaux-de-fonds","tag-moutier","tag-neuchatel","tag-neuveville","tag-news","tag-payerne","tag-porrentruy","tag-publicite","tag-radio","tag-redaction","tag-rfj","tag-rjb","tag-rtn","tag-suisse","tag-tavannes","tag-vallon-de-st-imier","tag-yverdon"],"share_on_mastodon":{"url":"https:\/\/pubeurope.com\/@ch_fr\/117198528379709478","error":""},"_links":{"self":[{"href":"https:\/\/www.europesays.com\/ch-fr\/wp-json\/wp\/v2\/posts\/286988","targetHints":{"allow":["GET"]}}],"collection":[{"href":"https:\/\/www.europesays.com\/ch-fr\/wp-json\/wp\/v2\/posts"}],"about":[{"href":"https:\/\/www.europesays.com\/ch-fr\/wp-json\/wp\/v2\/types\/post"}],"author":[{"embeddable":true,"href":"https:\/\/www.europesays.com\/ch-fr\/wp-json\/wp\/v2\/users\/2"}],"replies":[{"embeddable":true,"href":"https:\/\/www.europesays.com\/ch-fr\/wp-json\/wp\/v2\/comments?post=286988"}],"version-history":[{"count":0,"href":"https:\/\/www.europesays.com\/ch-fr\/wp-json\/wp\/v2\/posts\/286988\/revisions"}],"wp:featuredmedia":[{"embeddable":true,"href":"https:\/\/www.europesays.com\/ch-fr\/wp-json\/wp\/v2\/media\/286989"}],"wp:attachment":[{"href":"https:\/\/www.europesays.com\/ch-fr\/wp-json\/wp\/v2\/media?parent=286988"}],"wp:term":[{"taxonomy":"category","embeddable":true,"href":"https:\/\/www.europesays.com\/ch-fr\/wp-json\/wp\/v2\/categories?post=286988"},{"taxonomy":"post_tag","embeddable":true,"href":"https:\/\/www.europesays.com\/ch-fr\/wp-json\/wp\/v2\/tags?post=286988"}],"curies":[{"name":"wp","href":"https:\/\/api.w.org\/{rel}","templated":true}]}}