{"id":287086,"date":"2026-09-02T01:35:16","date_gmt":"2026-09-02T01:35:16","guid":{"rendered":"https:\/\/www.europesays.com\/ch-fr\/287086\/"},"modified":"2026-09-02T01:35:16","modified_gmt":"2026-09-02T01:35:16","slug":"mouvement-liberal-vaudois-luigi-mancini-nouveau-president","status":"publish","type":"post","link":"https:\/\/www.europesays.com\/ch-fr\/287086\/","title":{"rendered":"Mouvement lib\u00e9ral vaudois : Luigi Mancini nouveau pr\u00e9sident"},"content":{"rendered":"\n<p>Luigi Mancini, \u00e9lu de Romanel-sur-Lausanne, deviendra pr\u00e9sident du Mouvement lib\u00e9ral vaudois, nouveau parti de Val\u00e9rie Dittli.Son \u00e9lection sera confirm\u00e9e lors d&rsquo;une assembl\u00e9e constitutive prochaine, selon la co-fondatrice Jacqueline Bottlang-Pittet.Le parti vise en priorit\u00e9 la r\u00e9\u00e9lection de Val\u00e9rie Dittli au Conseil d&rsquo;Etat vaudois.<\/p>\n<p>Ce r\u00e9sum\u00e9 a-t-il \u00e9t\u00e9 utile ?<\/p>\n<p>    \u2139\ufe0f R\u00e9sum\u00e9 propos\u00e9 par l&rsquo;IA et valid\u00e9 par nos journalistes. <a class=\"article-summary-info__link\" href=\"https:\/\/www.rts.ch\/entreprise\/2025\/article\/charte-sur-l-utilisation-de-l-ia-a-la-rts-29020587.html\" rel=\"nofollow noopener\" target=\"_blank\">En savoir plus<\/a>  <\/p>\n<p> Masquer  <\/p>\n","protected":false},"excerpt":{"rendered":"Luigi Mancini, \u00e9lu de Romanel-sur-Lausanne, deviendra pr\u00e9sident du Mouvement lib\u00e9ral vaudois, nouveau parti de Val\u00e9rie Dittli.Son \u00e9lection sera&hellip;\n","protected":false},"author":2,"featured_media":287087,"comment_status":"","ping_status":"","sticky":false,"template":"","format":"standard","meta":{"footnotes":"","_share_on_mastodon":"0"},"categories":[4],"tags":[22,1045,448,741,62372,21,1095,2440,92,715,62373,23,3749,325],"class_list":["post-287086","post","type-post","status-publish","format-standard","has-post-thumbnail","category-actualites","tag-actualites","tag-election","tag-elections","tag-gouvernement","tag-luigi-mancini","tag-news","tag-parti-politique","tag-partis-politiques","tag-politique","tag-radio-television-suisse","tag-romanel-sur-lausanne","tag-suisse","tag-valerie-dittli","tag-vaud"],"share_on_mastodon":{"url":"https:\/\/pubeurope.com\/@ch_fr\/117198882530657653","error":""},"_links":{"self":[{"href":"https:\/\/www.europesays.com\/ch-fr\/wp-json\/wp\/v2\/posts\/287086","targetHints":{"allow":["GET"]}}],"collection":[{"href":"https:\/\/www.europesays.com\/ch-fr\/wp-json\/wp\/v2\/posts"}],"about":[{"href":"https:\/\/www.europesays.com\/ch-fr\/wp-json\/wp\/v2\/types\/post"}],"author":[{"embeddable":true,"href":"https:\/\/www.europesays.com\/ch-fr\/wp-json\/wp\/v2\/users\/2"}],"replies":[{"embeddable":true,"href":"https:\/\/www.europesays.com\/ch-fr\/wp-json\/wp\/v2\/comments?post=287086"}],"version-history":[{"count":0,"href":"https:\/\/www.europesays.com\/ch-fr\/wp-json\/wp\/v2\/posts\/287086\/revisions"}],"wp:featuredmedia":[{"embeddable":true,"href":"https:\/\/www.europesays.com\/ch-fr\/wp-json\/wp\/v2\/media\/287087"}],"wp:attachment":[{"href":"https:\/\/www.europesays.com\/ch-fr\/wp-json\/wp\/v2\/media?parent=287086"}],"wp:term":[{"taxonomy":"category","embeddable":true,"href":"https:\/\/www.europesays.com\/ch-fr\/wp-json\/wp\/v2\/categories?post=287086"},{"taxonomy":"post_tag","embeddable":true,"href":"https:\/\/www.europesays.com\/ch-fr\/wp-json\/wp\/v2\/tags?post=287086"}],"curies":[{"name":"wp","href":"https:\/\/api.w.org\/{rel}","templated":true}]}}