{"id":287114,"date":"2026-09-02T02:08:11","date_gmt":"2026-09-02T02:08:11","guid":{"rendered":"https:\/\/www.europesays.com\/ch-fr\/287114\/"},"modified":"2026-09-02T02:08:11","modified_gmt":"2026-09-02T02:08:11","slug":"andi-zeqiri-de-retour-a-liege","status":"publish","type":"post","link":"https:\/\/www.europesays.com\/ch-fr\/287114\/","title":{"rendered":"Andi Zeqiri de retour \u00e0 Li\u00e8ge"},"content":{"rendered":"<p class=\"wysiwyg-h2\">Andi Zeqiri fait son retour en Belgique. L&rsquo;attaquant lausannois de 27 ans est \u00e0 nouveau pr\u00eat\u00e9 au Standard de Li\u00e8ge jusqu&rsquo;\u00e0 la fin de la saison.<\/p>\n<p>Zeqiri avait d\u00e9j\u00e0 jou\u00e9 pour le d\u00e9cuple champion de Belgique lors de la saison 2024\/25, alors pr\u00eat\u00e9 par Genk. Un nouveau pr\u00eat a donc \u00e9t\u00e9 conclu, apr\u00e8s que le joueur, qui compte 18 s\u00e9lections avec la Suisse, s&rsquo;est retrouv\u00e9 dans une impasse \u00e0 Widzew Lodz \u00e0 la suite d&rsquo;un changement d&rsquo;entra\u00eeneur. Ces derniers temps, l&rsquo;attaquant \u00e9tait surnum\u00e9raire au sein du club avec lequel il est encore sous contrat jusqu&rsquo;\u00e0 l&rsquo;\u00e9t\u00e9 2029.<\/p>\n<p>Zeqiri garde un bon souvenir de ses d\u00e9buts \u00e0 Li\u00e8ge. A l\u2019\u00e9poque, il s\u2019\u00e9tait illustr\u00e9 en marquant dix buts et en d\u00e9livrant quatre passes d\u00e9cisives en 26 matches. C\u2019est chez les Wallons qu&rsquo;il a connu sa meilleure p\u00e9riode \u00e0 l&rsquo;\u00e9tranger \u00e0 ce jour.<\/p>\n<p> \/ATS<\/p>\n","protected":false},"excerpt":{"rendered":"Andi Zeqiri fait son retour en Belgique. L&rsquo;attaquant lausannois de 27 ans est \u00e0 nouveau pr\u00eat\u00e9 au Standard&hellip;\n","protected":false},"author":2,"featured_media":287115,"comment_status":"","ping_status":"","sticky":false,"template":"","format":"standard","meta":{"footnotes":"","_share_on_mastodon":"0"},"categories":[8],"tags":[121,124,128,119,122,123,118,136,132,131,133,130,135,120,126,117,125,114,115,116,75,23,129,127,134],"class_list":["post-287114","post","type-post","status-publish","format-standard","has-post-thumbnail","category-sports","tag-ajoie","tag-animation","tag-bienne","tag-delemont","tag-franches-montagnes","tag-frequence","tag-jura","tag-jura-bernois","tag-la-chaux-de-fonds","tag-moutier","tag-neuchatel","tag-neuveville","tag-payerne","tag-porrentruy","tag-publicite","tag-radio","tag-redaction","tag-rfj","tag-rjb","tag-rtn","tag-sports","tag-suisse","tag-tavannes","tag-vallon-de-st-imier","tag-yverdon"],"share_on_mastodon":{"url":"https:\/\/pubeurope.com\/@ch_fr\/117199012047288646","error":""},"_links":{"self":[{"href":"https:\/\/www.europesays.com\/ch-fr\/wp-json\/wp\/v2\/posts\/287114","targetHints":{"allow":["GET"]}}],"collection":[{"href":"https:\/\/www.europesays.com\/ch-fr\/wp-json\/wp\/v2\/posts"}],"about":[{"href":"https:\/\/www.europesays.com\/ch-fr\/wp-json\/wp\/v2\/types\/post"}],"author":[{"embeddable":true,"href":"https:\/\/www.europesays.com\/ch-fr\/wp-json\/wp\/v2\/users\/2"}],"replies":[{"embeddable":true,"href":"https:\/\/www.europesays.com\/ch-fr\/wp-json\/wp\/v2\/comments?post=287114"}],"version-history":[{"count":0,"href":"https:\/\/www.europesays.com\/ch-fr\/wp-json\/wp\/v2\/posts\/287114\/revisions"}],"wp:featuredmedia":[{"embeddable":true,"href":"https:\/\/www.europesays.com\/ch-fr\/wp-json\/wp\/v2\/media\/287115"}],"wp:attachment":[{"href":"https:\/\/www.europesays.com\/ch-fr\/wp-json\/wp\/v2\/media?parent=287114"}],"wp:term":[{"taxonomy":"category","embeddable":true,"href":"https:\/\/www.europesays.com\/ch-fr\/wp-json\/wp\/v2\/categories?post=287114"},{"taxonomy":"post_tag","embeddable":true,"href":"https:\/\/www.europesays.com\/ch-fr\/wp-json\/wp\/v2\/tags?post=287114"}],"curies":[{"name":"wp","href":"https:\/\/api.w.org\/{rel}","templated":true}]}}