{"id":287186,"date":"2026-09-02T03:30:12","date_gmt":"2026-09-02T03:30:12","guid":{"rendered":"https:\/\/www.europesays.com\/ch-fr\/287186\/"},"modified":"2026-09-02T03:30:12","modified_gmt":"2026-09-02T03:30:12","slug":"super-league-lausanne-sport-se-rend-a-thoune","status":"publish","type":"post","link":"https:\/\/www.europesays.com\/ch-fr\/287186\/","title":{"rendered":"Super League: Lausanne-Sport se rend \u00e0 Thoune"},"content":{"rendered":"<p class=\"wysiwyg-h2\">Le Lausanne-Sport se rend \u00e0 Thoune mercredi pour la 6e journ\u00e9e de Super League, tandis que Lucerne affronte Vaduz et que GC fait face \u00e0 St-Gall. Toutes les parties d\u00e9butent \u00e0 20h30.<\/p>\n<p>Le LS reste sur deux d\u00e9faites en Super League face \u00e0 Lucerne (1-0) et au FC Zurich (3-2). Les hommes de Luka Elsner sont en qu\u00eate d&rsquo;un deuxi\u00e8me succ\u00e8s en championnat. Avec seulement six buts marqu\u00e9s en cinq journ\u00e9es, les Vaudois cherchent toujours leur identit\u00e9 offensive, dans laquelle leur derni\u00e8re recrue, le milieu Koba Koindrerdi, va \u00eatre appel\u00e9e \u00e0 jouer un r\u00f4le-cl\u00e9.<\/p>\n<p>En face, Thoune a retrouv\u00e9 des couleurs en Super League en battant St-Gall 4-3, apr\u00e8s un barrage d&rsquo;Europa League catastrophique face au Lech Poznan. Les Bernois s&rsquo;\u00e9taient inclin\u00e9s sept buts \u00e0 rien en Pologne, hypoth\u00e9quant les derni\u00e8res chances de voir un club suisse disputer l&rsquo;Europa League. Les prot\u00e9g\u00e9s de Gian-Luca Privitelli seront cependant au rendez-vous de la phase de ligue de Conference League.<\/p>\n<p>De son c\u00f4t\u00e9, St-Gall a l&rsquo;occasion de renouer avec la victoire face \u00e0 Grasshopper au Letzigrund. En effet, les Zurichois men\u00e9s par Peter Zeidler traversent une passe difficile, et pointent en queue de classement avec un seul point en quatre matches. Enfin, Lucerne, qui ne s&rsquo;est plus inclin\u00e9 depuis trois journ\u00e9es, tentera d&rsquo;allonger sa s\u00e9rie d&rsquo;invincibilit\u00e9 face au n\u00e9o-promu Vaduz \u00e0 domicile.<\/p>\n<p> \/ATS<\/p>\n","protected":false},"excerpt":{"rendered":"Le Lausanne-Sport se rend \u00e0 Thoune mercredi pour la 6e journ\u00e9e de Super League, tandis que Lucerne affronte&hellip;\n","protected":false},"author":2,"featured_media":287187,"comment_status":"","ping_status":"","sticky":false,"template":"","format":"standard","meta":{"footnotes":"","_share_on_mastodon":"0"},"categories":[19],"tags":[121,124,128,119,122,123,118,136,132,177,131,133,130,135,120,126,117,125,114,115,116,23,129,127,134],"class_list":["post-287186","post","type-post","status-publish","format-standard","has-post-thumbnail","category-lausanne","tag-ajoie","tag-animation","tag-bienne","tag-delemont","tag-franches-montagnes","tag-frequence","tag-jura","tag-jura-bernois","tag-la-chaux-de-fonds","tag-lausanne","tag-moutier","tag-neuchatel","tag-neuveville","tag-payerne","tag-porrentruy","tag-publicite","tag-radio","tag-redaction","tag-rfj","tag-rjb","tag-rtn","tag-suisse","tag-tavannes","tag-vallon-de-st-imier","tag-yverdon"],"share_on_mastodon":{"url":"https:\/\/pubeurope.com\/@ch_fr\/117199334662175148","error":""},"_links":{"self":[{"href":"https:\/\/www.europesays.com\/ch-fr\/wp-json\/wp\/v2\/posts\/287186","targetHints":{"allow":["GET"]}}],"collection":[{"href":"https:\/\/www.europesays.com\/ch-fr\/wp-json\/wp\/v2\/posts"}],"about":[{"href":"https:\/\/www.europesays.com\/ch-fr\/wp-json\/wp\/v2\/types\/post"}],"author":[{"embeddable":true,"href":"https:\/\/www.europesays.com\/ch-fr\/wp-json\/wp\/v2\/users\/2"}],"replies":[{"embeddable":true,"href":"https:\/\/www.europesays.com\/ch-fr\/wp-json\/wp\/v2\/comments?post=287186"}],"version-history":[{"count":0,"href":"https:\/\/www.europesays.com\/ch-fr\/wp-json\/wp\/v2\/posts\/287186\/revisions"}],"wp:featuredmedia":[{"embeddable":true,"href":"https:\/\/www.europesays.com\/ch-fr\/wp-json\/wp\/v2\/media\/287187"}],"wp:attachment":[{"href":"https:\/\/www.europesays.com\/ch-fr\/wp-json\/wp\/v2\/media?parent=287186"}],"wp:term":[{"taxonomy":"category","embeddable":true,"href":"https:\/\/www.europesays.com\/ch-fr\/wp-json\/wp\/v2\/categories?post=287186"},{"taxonomy":"post_tag","embeddable":true,"href":"https:\/\/www.europesays.com\/ch-fr\/wp-json\/wp\/v2\/tags?post=287186"}],"curies":[{"name":"wp","href":"https:\/\/api.w.org\/{rel}","templated":true}]}}