{"id":287260,"date":"2026-09-02T04:44:36","date_gmt":"2026-09-02T04:44:36","guid":{"rendered":"https:\/\/www.europesays.com\/ch-fr\/287260\/"},"modified":"2026-09-02T04:44:36","modified_gmt":"2026-09-02T04:44:36","slug":"openai-un-systeme-de-surveillance-pour-brider-lia-astra","status":"publish","type":"post","link":"https:\/\/www.europesays.com\/ch-fr\/287260\/","title":{"rendered":"OpenAI : un syst\u00e8me de surveillance pour brider l&rsquo;IA Astra"},"content":{"rendered":"<p>Apr\u00e8s une s\u00e9rie de cyberattaques par des intelligences artificielles en test, OpenAI a annonc\u00e9 mardi que son prochain mod\u00e8le, Astra, sera lanc\u00e9 \u00ab\u00a0bient\u00f4t\u00a0\u00bb avec un dispositif de surveillance permettant d&rsquo;interrompre ses actions.<\/p>\n<p>Astra est le premier mod\u00e8le des cr\u00e9ateurs de ChatGPT \u00e0 atteindre le niveau de risque le plus \u00e9lev\u00e9 de sa propre grille d&rsquo;\u00e9valuation en cybers\u00e9curit\u00e9, \u00e9crit l&rsquo;entreprise de San Francisco <a href=\"https:\/\/openai.com\/index\/path-to-astra\/\" class=\"inline-link\" data-item-id=\"richtext_link\" data-rts-ece-id=\"135addb4-957e-3366-a0b0-a9ecfe8ba312\" target=\"_blank\" rel=\"noopener nofollow\">dans une note<\/a> publi\u00e9e mardi: il peut trouver des failles inconnues et les exploiter dans des syst\u00e8mes informatiques robustes \u00ab\u00a0sans qu&rsquo;une personne guide chaque \u00e9tape\u00a0\u00bb.<\/p>\n<p>Pendant les tests, il a d\u00e9couvert deux failles jusque-l\u00e0 inconnues. En l&rsquo;absence de r\u00e9gulation gouvernementale am\u00e9ricaine, OpenAI applique ses propres r\u00e8gles internes, qui l&rsquo;obligent \u00e0 renforcer ses garde-fous avant de diffuser un mod\u00e8le ayant atteint cette puissance.<\/p>\n<p>Interruption forc\u00e9e<\/p>\n<p>En pratique, les utilisateurs de ChatGPT qui auront acc\u00e8s \u00e0 Astra pourront voir une t\u00e2che interrompue si le dispositif de surveillance la juge non autoris\u00e9e, \u00ab\u00a0y compris pour un travail sans rapport avec la cybers\u00e9curit\u00e9\u00a0\u00bb, pr\u00e9vient OpenAI, sans d\u00e9voiler de date de lancement. Les capacit\u00e9s les plus sensibles seront r\u00e9serv\u00e9es \u00e0 un petit groupe de testeurs, puis aux organisations charg\u00e9es de prot\u00e9ger des infrastructures critiques.<\/p>\n<p>Cette annonce intervient dans une s\u00e9quence ouverte en juillet, quand OpenAI a r\u00e9v\u00e9l\u00e9 que des agents autonomes reposant sur ses mod\u00e8les \u00e9taient sortis d&rsquo;un environnement de test confin\u00e9 pour attaquer Hugging Face, plateforme o\u00f9 les d\u00e9veloppeurs du monde entier partagent leurs mod\u00e8les d&rsquo;IA.<\/p>\n<p>Son concurrent Anthropic a ensuite reconnu trois intrusions de ses propres mod\u00e8les en test.<\/p>\n<p>D\u00e9veloppement ralenti<\/p>\n<p>En ao\u00fbt, OpenAI avait ralenti le d\u00e9veloppement d&rsquo;Astra et suspendu deux semaines une partie de l&rsquo;entra\u00eenement de ses mod\u00e8les. Le plus important de ces entra\u00eenements, gel\u00e9 depuis lors, a repris \u00e0 la fin ao\u00fbt pour de futures versions d&rsquo;Astra, pr\u00e9cise la note, qui souligne qu&rsquo;Astra \u00ab\u00a0n&rsquo;\u00e9tait pas impliqu\u00e9\u00a0\u00bb dans l&rsquo;attaque contre Hugging Face.<\/p>\n<p>&gt;&gt; Lire \u00e0 ce sujet\u00a0: <a href=\"https:\/\/www.rts.ch\/info\/sciences-tech\/2026\/article\/face-aux-risques-de-piratage-openai-freine-sa-future-ia-29332068.html\" data-item-id=\"richtext_link\" rel=\"nofollow noopener\" target=\"_blank\">Face aux risques, OpenAI freine le d\u00e9veloppement de sa future IA<\/a><\/p>\n<p>En juin, \u00e0 la demande de Washington, OpenAI avait r\u00e9serv\u00e9 son pr\u00e9c\u00e9dent mod\u00e8le de pointe, GPT-5.6 Sol, \u00e0 des clients approuv\u00e9s par le gouvernement am\u00e9ricain.<\/p>\n<p>Cette fois, les clients n&rsquo;auront pas besoin d&rsquo;approbation gouvernementale, a indiqu\u00e9 OpenAI \u00e0 l&rsquo;Agence France-Presse (AFP): l&rsquo;entreprise dit s&rsquo;\u00eatre soumise volontairement au nouvel examen f\u00e9d\u00e9ral et avoir donn\u00e9 un acc\u00e8s anticip\u00e9 aux autorit\u00e9s am\u00e9ricaines.<\/p>\n<p>Les tests de ce dernier \u00ab\u00a0ont contribu\u00e9 \u00e0 \u00e9clairer notre approche du lancement du mod\u00e8le\u00a0\u00bb, a pr\u00e9cis\u00e9 OpenAI \u00e0 l&rsquo;AFP, sans pr\u00e9ciser quels garde-fous d\u00e9coulent de cette coop\u00e9ration.<\/p>\n<p class=\"sources\">afp\/lbl<\/p>\n","protected":false},"excerpt":{"rendered":"Apr\u00e8s une s\u00e9rie de cyberattaques par des intelligences artificielles en test, OpenAI a annonc\u00e9 mardi que son prochain&hellip;\n","protected":false},"author":2,"featured_media":287261,"comment_status":"","ping_status":"","sticky":false,"template":"","format":"standard","meta":{"footnotes":"","_share_on_mastodon":"0"},"categories":[6],"tags":[62446,45,44,344,43,3302,323,420,7906,296,58,806,62447,23,2808,1703,807,808,2337],"class_list":["post-287260","post","type-post","status-publish","format-standard","has-post-thumbnail","category-economie","tag-astra","tag-business","tag-economie","tag-economie-et-finances","tag-economy","tag-informatique-et-telecommunications","tag-intelligence-artificielle","tag-medias-de-masse","tag-openai","tag-science-et-technologie","tag-sciences-et-technologies","tag-sciences-tech","tag-ses-s-a","tag-suisse","tag-surveillance","tag-technologie-de-linformation-et-informatique","tag-technologie-et-ingenierie","tag-technologies-de-linformation-et-de-la-communication","tag-test-q100303098"],"share_on_mastodon":{"url":"https:\/\/pubeurope.com\/@ch_fr\/117199625785812846","error":""},"_links":{"self":[{"href":"https:\/\/www.europesays.com\/ch-fr\/wp-json\/wp\/v2\/posts\/287260","targetHints":{"allow":["GET"]}}],"collection":[{"href":"https:\/\/www.europesays.com\/ch-fr\/wp-json\/wp\/v2\/posts"}],"about":[{"href":"https:\/\/www.europesays.com\/ch-fr\/wp-json\/wp\/v2\/types\/post"}],"author":[{"embeddable":true,"href":"https:\/\/www.europesays.com\/ch-fr\/wp-json\/wp\/v2\/users\/2"}],"replies":[{"embeddable":true,"href":"https:\/\/www.europesays.com\/ch-fr\/wp-json\/wp\/v2\/comments?post=287260"}],"version-history":[{"count":0,"href":"https:\/\/www.europesays.com\/ch-fr\/wp-json\/wp\/v2\/posts\/287260\/revisions"}],"wp:featuredmedia":[{"embeddable":true,"href":"https:\/\/www.europesays.com\/ch-fr\/wp-json\/wp\/v2\/media\/287261"}],"wp:attachment":[{"href":"https:\/\/www.europesays.com\/ch-fr\/wp-json\/wp\/v2\/media?parent=287260"}],"wp:term":[{"taxonomy":"category","embeddable":true,"href":"https:\/\/www.europesays.com\/ch-fr\/wp-json\/wp\/v2\/categories?post=287260"},{"taxonomy":"post_tag","embeddable":true,"href":"https:\/\/www.europesays.com\/ch-fr\/wp-json\/wp\/v2\/tags?post=287260"}],"curies":[{"name":"wp","href":"https:\/\/api.w.org\/{rel}","templated":true}]}}