{"id":287330,"date":"2026-09-02T05:47:22","date_gmt":"2026-09-02T05:47:22","guid":{"rendered":"https:\/\/www.europesays.com\/ch-fr\/287330\/"},"modified":"2026-09-02T05:47:22","modified_gmt":"2026-09-02T05:47:22","slug":"monfils-fait-durer-le-plaisir-a-new-york-le-jour-de-ses-40-ans","status":"publish","type":"post","link":"https:\/\/www.europesays.com\/ch-fr\/287330\/","title":{"rendered":"Monfils fait durer le plaisir \u00e0 New York, le jour de ses 40 ans"},"content":{"rendered":"<p class=\"wysiwyg-h2\">Ses adieux en Grand Chelem attendront.<\/p>\n<p>Le v\u00e9t\u00e9ran fran\u00e7ais Ga\u00ebl Monfils a c\u00e9l\u00e9br\u00e9 ses 40 ans mardi en se qualifiant pour le 2e tour de l&rsquo;US Open gr\u00e2ce \u00e0 sa victoire contre le Paraguayen Adolfo Daniel Vallejo (ATP 60), de 18 ans son cadet.<\/p>\n<p>L&rsquo;ex-no 6 mondial, aujourd&rsquo;hui 311e, s&rsquo;est impos\u00e9 2-6 6-1 6-2 6-0 pour devenir le troisi\u00e8me quadrag\u00e9naire \u00e0 remporter un match \u00e0 l&rsquo;US Open dans le tableau masculin au cours de l&rsquo;\u00e8re Open, apr\u00e8s l&rsquo;Australien Ken Rosewall (42 ans en 1977) et l&rsquo;Am\u00e9ricain Jimmy Connors (40 ans en 1992).<\/p>\n<p>A quelques semaines de sa retraite pr\u00e9vue apr\u00e8s le Masters 1000 de Paris, les New-Yorkais se sont press\u00e9s pour assister aux derni\u00e8res heures du &lsquo;showman&rsquo; dans sa deuxi\u00e8me ville de coeur. L&rsquo;histoire d&rsquo;amour entre &lsquo;La Monf&rsquo; et le public du Queens ne date il est vrai pas d&rsquo;hier.<\/p>\n<p>Il y a eu son parcours sans perdre un set jusqu&rsquo;en demi-finales en 2016, battu par le Serbe Novak Djokovic. Ou encore ce match \u00e9pique en 2014, lorsqu&rsquo;il avait men\u00e9 deux sets \u00e0 rien contre Roger Federer, se procurant deux balles de match dans le quatri\u00e8me set avant de c\u00e9der finalement dans le cinqui\u00e8me apr\u00e8s 3h20.<\/p>\n<p>Un d\u00e9but rat\u00e9<\/p>\n<p>Mardi, dans le stade Louis Armstrong, le deuxi\u00e8me dans la hi\u00e9rarchie \u00e0 Flushing Meadows, Ga\u00ebl Monfils est entr\u00e9 comme une rockstar, sous les cris des spectateurs, dont le vacarme n&rsquo;a pas cess\u00e9 du match. Pourtant, le Parisien a compl\u00e8tement manqu\u00e9 son d\u00e9but de match, passif au retour et trop impr\u00e9cis sur ses coups.<\/p>\n<p>Mais il a rectifi\u00e9 le tir d\u00e8s la deuxi\u00e8me manche, au cours de laquelle il a \u00e9t\u00e9 bien plus entreprenant et en r\u00e9ussite. Et il n&rsquo;a m\u00eame pas laiss\u00e9 une miette \u00e0 Vallejo dans le dernier set, conclu par une bulle, un jeu blanc et un ace, la totale. &lsquo;Il a 22 ans, donc \u00e7a fait plaisir de le battre s\u00e8chement&rsquo;, s&rsquo;est vant\u00e9 Ga\u00ebl Monfils.<\/p>\n<p>New York aura donc droit \u00e0 une date suppl\u00e9mentaire du v\u00e9t\u00e9ran fran\u00e7ais, contre l&rsquo;Am\u00e9ricain Learner Tien (ATP 15), pour faire durer encore un peu le plaisir de son baroud d&rsquo;honneur en Grand Chelem.<\/p>\n<p> \/ATS<\/p>\n","protected":false},"excerpt":{"rendered":"Ses adieux en Grand Chelem attendront. Le v\u00e9t\u00e9ran fran\u00e7ais Ga\u00ebl Monfils a c\u00e9l\u00e9br\u00e9 ses 40 ans mardi en&hellip;\n","protected":false},"author":2,"featured_media":287331,"comment_status":"","ping_status":"","sticky":false,"template":"","format":"standard","meta":{"footnotes":"","_share_on_mastodon":"0"},"categories":[4],"tags":[22,121,124,128,119,122,123,118,136,132,131,133,130,21,135,120,126,117,125,114,115,116,23,129,127,134],"class_list":["post-287330","post","type-post","status-publish","format-standard","has-post-thumbnail","category-actualites","tag-actualites","tag-ajoie","tag-animation","tag-bienne","tag-delemont","tag-franches-montagnes","tag-frequence","tag-jura","tag-jura-bernois","tag-la-chaux-de-fonds","tag-moutier","tag-neuchatel","tag-neuveville","tag-news","tag-payerne","tag-porrentruy","tag-publicite","tag-radio","tag-redaction","tag-rfj","tag-rjb","tag-rtn","tag-suisse","tag-tavannes","tag-vallon-de-st-imier","tag-yverdon"],"share_on_mastodon":{"url":"https:\/\/pubeurope.com\/@ch_fr\/117199873291320392","error":""},"_links":{"self":[{"href":"https:\/\/www.europesays.com\/ch-fr\/wp-json\/wp\/v2\/posts\/287330","targetHints":{"allow":["GET"]}}],"collection":[{"href":"https:\/\/www.europesays.com\/ch-fr\/wp-json\/wp\/v2\/posts"}],"about":[{"href":"https:\/\/www.europesays.com\/ch-fr\/wp-json\/wp\/v2\/types\/post"}],"author":[{"embeddable":true,"href":"https:\/\/www.europesays.com\/ch-fr\/wp-json\/wp\/v2\/users\/2"}],"replies":[{"embeddable":true,"href":"https:\/\/www.europesays.com\/ch-fr\/wp-json\/wp\/v2\/comments?post=287330"}],"version-history":[{"count":0,"href":"https:\/\/www.europesays.com\/ch-fr\/wp-json\/wp\/v2\/posts\/287330\/revisions"}],"wp:featuredmedia":[{"embeddable":true,"href":"https:\/\/www.europesays.com\/ch-fr\/wp-json\/wp\/v2\/media\/287331"}],"wp:attachment":[{"href":"https:\/\/www.europesays.com\/ch-fr\/wp-json\/wp\/v2\/media?parent=287330"}],"wp:term":[{"taxonomy":"category","embeddable":true,"href":"https:\/\/www.europesays.com\/ch-fr\/wp-json\/wp\/v2\/categories?post=287330"},{"taxonomy":"post_tag","embeddable":true,"href":"https:\/\/www.europesays.com\/ch-fr\/wp-json\/wp\/v2\/tags?post=287330"}],"curies":[{"name":"wp","href":"https:\/\/api.w.org\/{rel}","templated":true}]}}