{"id":287360,"date":"2026-09-02T06:13:28","date_gmt":"2026-09-02T06:13:28","guid":{"rendered":"https:\/\/www.europesays.com\/ch-fr\/287360\/"},"modified":"2026-09-02T06:13:28","modified_gmt":"2026-09-02T06:13:28","slug":"no-g7-a-geneve-interpelle-pour-un-keffieh-il-porte-plainte","status":"publish","type":"post","link":"https:\/\/www.europesays.com\/ch-fr\/287360\/","title":{"rendered":"No G7 \u00e0 Gen\u00e8ve: interpell\u00e9 pour un keffieh, il porte plainte"},"content":{"rendered":"<p>Une interpellation film\u00e9e en marge de la manifestation No G7 en juin dernier fait l&rsquo;objet d&rsquo;une plainte p\u00e9nale. Sur une vid\u00e9o diffus\u00e9e largement sur les r\u00e9seaux sociaux, on voit un homme de 32 ans amen\u00e9 au sol par des policiers, apr\u00e8s confiscation de son keffieh. L&rsquo;usage de la force \u00e9tait-elle proportionn\u00e9e ou s&rsquo;agissait-il d&rsquo;un d\u00e9lit de faci\u00e8s?<\/p>\n<p>Les faits se d\u00e9roulent le 14 juin, alors que Sam* se rend \u00e0 la manifestation No G7. Il fait l&rsquo;objet d&rsquo;un contr\u00f4le par des agents de la police zurichoise, pr\u00e9sents en renfort \u00e0 Gen\u00e8ve. Les forces de l&rsquo;ordre lui confisquent son keffieh, ce foulard devenu un symbole de solidarit\u00e9 avec la cause palestinienne. Le Genevois indique avoir alors voulu filmer la sc\u00e8ne, ce qui aurait d\u00e9clench\u00e9 une altercation. \u00ab\u00a0Un policier [&#8230;] a tent\u00e9 de m&rsquo;arracher le t\u00e9l\u00e9phone. Ses coll\u00e8gues ont saut\u00e9 sur moi et m&rsquo;ont mis au sol\u00a0\u00bb, d\u00e9clare-t-il.<\/p>\n<p>Sam l&rsquo;affirme: \u00ab\u00a0J&rsquo;ai \u00e9t\u00e9 violent\u00e9 pour un keffieh\u00a0\u00bb. Plusieurs vid\u00e9os de l&rsquo;\u00e9v\u00e9nement, film\u00e9es par des t\u00e9moins, existent. Par ailleurs, un rapport des urgences des HUG, que la RTS a pu consulter, documente les l\u00e9sions constat\u00e9es apr\u00e8s l&rsquo;interpellation, listant notamment un \u00ab\u00a0traumatisme cr\u00e2nien sans perte de connaissance\u00a0\u00bb et de \u00ab\u00a0multiples dermabrasions\u00a0\u00bb.<\/p>\n<p> &gt;&gt; Regarder son t\u00e9moignage\u00a0:   <img decoding=\"async\" class=\"embed-responsive-item\" loading=\"lazy\" src=\"https:\/\/www.europesays.com\/ch-fr\/wp-content\/uploads\/2026\/09\/4ec610eb-29344680.image.jpeg\" alt=\"&quot;La police m'a violent\u00e9 pour un keffieh&quot;\"\/>    \u00ab\u00a0La police m&rsquo;a violent\u00e9 pour un keffieh\u00a0\u00bb \/ Verticale RTSinfo \/ 4 min. \/ hier \u00e0 17:50 <\/p>\n<p>Contact\u00e9e, la police cantonale ne commente pas les cas sp\u00e9cifiques. Elle pr\u00e9cise toutefois sa doctrine g\u00e9n\u00e9rale concernant les saisies d&rsquo;objets ce jour-l\u00e0. Selon elle, le motif n&rsquo;\u00e9tait pas de lutter contre une \u00ab\u00a0propagande\u00a0\u00bb pro-palestinienne, comme l&rsquo;affirme la coalition No G7, mais bien la pr\u00e9vention, en invoquant la loi f\u00e9d\u00e9rale sur l&rsquo;interdiction de se dissimuler le visage (LIDV). Ces accessoires \u00e9taient consid\u00e9r\u00e9s comme \u00ab\u00a0susceptibles d&rsquo;\u00eatre utilis\u00e9s pour se dissimuler le visage\u00a0\u00bb. Une justification que le plaignant qualifie de \u00ab\u00a0pr\u00e9texte fallacieux\u00a0\u00bb.<\/p>\n<p>Quelques jours plus tard, Sam* a pu r\u00e9cup\u00e9rer son keffieh, accompagn\u00e9 par des membres de la coalition No G7. La plainte p\u00e9nale qu&rsquo;il a d\u00e9pos\u00e9e suit d\u00e9sormais son cours.<\/p>\n<p class=\"sources\">H\u00e9l\u00e8ne Joaquim<\/p>\n<p class=\"article-footnote\">*Pr\u00e9nom d&#8217;emprunt<\/p>\n","protected":false},"excerpt":{"rendered":"Une interpellation film\u00e9e en marge de la manifestation No G7 en juin dernier fait l&rsquo;objet d&rsquo;une plainte p\u00e9nale.&hellip;\n","protected":false},"author":2,"featured_media":287361,"comment_status":"","ping_status":"","sticky":false,"template":"","format":"standard","meta":{"footnotes":"","_share_on_mastodon":"0"},"categories":[17],"tags":[1384,503,504,711,920,170,169,1385,922,306,714,3303,23],"class_list":["post-287360","post","type-post","status-publish","format-standard","has-post-thumbnail","category-geneve","tag-conflit","tag-criminalite","tag-droit-et-justice","tag-forces-de-lordre","tag-g7","tag-geneva","tag-geneve","tag-guerre-et-paix","tag-manifestation","tag-police","tag-policier","tag-reseautage-social","tag-suisse"],"share_on_mastodon":{"url":"https:\/\/pubeurope.com\/@ch_fr\/117199976086580439","error":""},"_links":{"self":[{"href":"https:\/\/www.europesays.com\/ch-fr\/wp-json\/wp\/v2\/posts\/287360","targetHints":{"allow":["GET"]}}],"collection":[{"href":"https:\/\/www.europesays.com\/ch-fr\/wp-json\/wp\/v2\/posts"}],"about":[{"href":"https:\/\/www.europesays.com\/ch-fr\/wp-json\/wp\/v2\/types\/post"}],"author":[{"embeddable":true,"href":"https:\/\/www.europesays.com\/ch-fr\/wp-json\/wp\/v2\/users\/2"}],"replies":[{"embeddable":true,"href":"https:\/\/www.europesays.com\/ch-fr\/wp-json\/wp\/v2\/comments?post=287360"}],"version-history":[{"count":0,"href":"https:\/\/www.europesays.com\/ch-fr\/wp-json\/wp\/v2\/posts\/287360\/revisions"}],"wp:featuredmedia":[{"embeddable":true,"href":"https:\/\/www.europesays.com\/ch-fr\/wp-json\/wp\/v2\/media\/287361"}],"wp:attachment":[{"href":"https:\/\/www.europesays.com\/ch-fr\/wp-json\/wp\/v2\/media?parent=287360"}],"wp:term":[{"taxonomy":"category","embeddable":true,"href":"https:\/\/www.europesays.com\/ch-fr\/wp-json\/wp\/v2\/categories?post=287360"},{"taxonomy":"post_tag","embeddable":true,"href":"https:\/\/www.europesays.com\/ch-fr\/wp-json\/wp\/v2\/tags?post=287360"}],"curies":[{"name":"wp","href":"https:\/\/api.w.org\/{rel}","templated":true}]}}