{"id":287370,"date":"2026-09-02T06:23:15","date_gmt":"2026-09-02T06:23:15","guid":{"rendered":"https:\/\/www.europesays.com\/ch-fr\/287370\/"},"modified":"2026-09-02T06:23:15","modified_gmt":"2026-09-02T06:23:15","slug":"bencic-sortie-sans-gloire-des-le-premier-tour-2","status":"publish","type":"post","link":"https:\/\/www.europesays.com\/ch-fr\/287370\/","title":{"rendered":"Bencic sortie sans gloire d\u00e8s le premier tour"},"content":{"rendered":"<p class=\"wysiwyg-h2\">Belinda Bencic (WTA 12) s&rsquo;est fait battre au premier tour de l&rsquo;US Open. La Saint-Galloise s&rsquo;est inclin\u00e9e 4-6 7-5 6-3 face \u00e0 Yulia Putintseva (WTA 84) mardi soir.<\/p>\n<p>Un petit tour et puis s&rsquo;en va pour Belinda Bencic \u00e0 New York. La derni\u00e8re Suissesse en lice n&rsquo;a pas fait mieux que ses coll\u00e8gues Golubic et Waltert dans le Queens. L&rsquo;an dernier, elle avait pli\u00e9 bagage au deuxi\u00e8me tour, cette fois c&rsquo;est encore plus t\u00f4t.<\/p>\n<p>Tout avait pourtant bien commenc\u00e9 pour la Saint-Galloise dans ce septi\u00e8me duel. Elle menait 3-0, mais a laiss\u00e9 son adversaire revenir \u00e0 \u00e9galit\u00e9. Elle a finalement remport\u00e9 le premier set apr\u00e8s une double faute de Putintseva.<\/p>\n<p>Sc\u00e9nario presque identique dans la deuxi\u00e8me manche. Alors qu&rsquo;elle avait break\u00e9 la Kazakhe et menait 2-0, la Saint-Galloise a imm\u00e9diatement perdu son engagement et ce en d\u00e9pit de deux balles de 3-0. Constat presque similaire dans le jeu suivant o\u00f9 Bencic a galvaud\u00e9 trois balles de break. Adepte des lobs et des amorties, Putintseva a tout fait pour ne pas donner de rythme \u00e0 la championne olympique de Tokyo.<\/p>\n<p>Bencic a fini par craquer \u00e0 5-5. Elle a alors perdu son service blanc. Putintseva a ensuite tr\u00e8s bien servi pour empocher le set 7-5. La Kazakhe a remport\u00e9 12 des 13 derniers points.<\/p>\n<p>Dans le troisi\u00e8me set, la Kazakhe a serr\u00e9 le jeu sur son service. Elle a failli passer devant \u00e0 2-2, mais Bencic a su se faire violence. Mais comme lors de la manche pr\u00e9c\u00e9dente, tout s&rsquo;est d\u00e9lit\u00e9 une fois que la tension est mont\u00e9e d&rsquo;un cran. Putintseva a finalement enlev\u00e9 les huit derniers points de la partie en prenant deux fois le service de la Saint-Galloise qui a commis neuf double-fautes au total.<\/p>\n<p> \/ATS<\/p>\n","protected":false},"excerpt":{"rendered":"Belinda Bencic (WTA 12) s&rsquo;est fait battre au premier tour de l&rsquo;US Open. La Saint-Galloise s&rsquo;est inclin\u00e9e 4-6&hellip;\n","protected":false},"author":2,"featured_media":287371,"comment_status":"","ping_status":"","sticky":false,"template":"","format":"standard","meta":{"footnotes":"","_share_on_mastodon":"0"},"categories":[8],"tags":[121,124,128,119,122,123,118,136,132,131,133,130,135,120,126,117,125,114,115,116,75,23,129,127,134],"class_list":["post-287370","post","type-post","status-publish","format-standard","has-post-thumbnail","category-sports","tag-ajoie","tag-animation","tag-bienne","tag-delemont","tag-franches-montagnes","tag-frequence","tag-jura","tag-jura-bernois","tag-la-chaux-de-fonds","tag-moutier","tag-neuchatel","tag-neuveville","tag-payerne","tag-porrentruy","tag-publicite","tag-radio","tag-redaction","tag-rfj","tag-rjb","tag-rtn","tag-sports","tag-suisse","tag-tavannes","tag-vallon-de-st-imier","tag-yverdon"],"share_on_mastodon":{"url":"https:\/\/pubeurope.com\/@ch_fr\/117200014887107665","error":""},"_links":{"self":[{"href":"https:\/\/www.europesays.com\/ch-fr\/wp-json\/wp\/v2\/posts\/287370","targetHints":{"allow":["GET"]}}],"collection":[{"href":"https:\/\/www.europesays.com\/ch-fr\/wp-json\/wp\/v2\/posts"}],"about":[{"href":"https:\/\/www.europesays.com\/ch-fr\/wp-json\/wp\/v2\/types\/post"}],"author":[{"embeddable":true,"href":"https:\/\/www.europesays.com\/ch-fr\/wp-json\/wp\/v2\/users\/2"}],"replies":[{"embeddable":true,"href":"https:\/\/www.europesays.com\/ch-fr\/wp-json\/wp\/v2\/comments?post=287370"}],"version-history":[{"count":0,"href":"https:\/\/www.europesays.com\/ch-fr\/wp-json\/wp\/v2\/posts\/287370\/revisions"}],"wp:featuredmedia":[{"embeddable":true,"href":"https:\/\/www.europesays.com\/ch-fr\/wp-json\/wp\/v2\/media\/287371"}],"wp:attachment":[{"href":"https:\/\/www.europesays.com\/ch-fr\/wp-json\/wp\/v2\/media?parent=287370"}],"wp:term":[{"taxonomy":"category","embeddable":true,"href":"https:\/\/www.europesays.com\/ch-fr\/wp-json\/wp\/v2\/categories?post=287370"},{"taxonomy":"post_tag","embeddable":true,"href":"https:\/\/www.europesays.com\/ch-fr\/wp-json\/wp\/v2\/tags?post=287370"}],"curies":[{"name":"wp","href":"https:\/\/api.w.org\/{rel}","templated":true}]}}