{"id":287380,"date":"2026-09-02T06:33:19","date_gmt":"2026-09-02T06:33:19","guid":{"rendered":"https:\/\/www.europesays.com\/ch-fr\/287380\/"},"modified":"2026-09-02T06:33:19","modified_gmt":"2026-09-02T06:33:19","slug":"rubix-ouvre-a-geneve-sa-premiere-pepiniere-dentreprises","status":"publish","type":"post","link":"https:\/\/www.europesays.com\/ch-fr\/287380\/","title":{"rendered":"Rubix ouvre \u00e0 Gen\u00e8ve sa premi\u00e8re p\u00e9pini\u00e8re d\u2019entreprises"},"content":{"rendered":"<p>\n                Teaserbild-Quelle: Rubix\n            <\/p>\n<p>Le<br \/>\npremier des deux b\u00e2timents industriels en construction \u00e0 Meyrin (GE) accueille<br \/>\nses utilisateurs. Ses locaux modulables doivent h\u00e9berger diverses soci\u00e9t\u00e9s, y compris<br \/>\ncelles qui demandent une logistique importante. Le chantier a dur\u00e9 deux ans.<\/p>\n<p>        <img decoding=\"async\" src=\"https:\/\/www.europesays.com\/ch-fr\/wp-content\/uploads\/2026\/09\/28592_1.jpg\" alt=\"Rubix Meyrin 1\" class=\"img-responsive\"\/><\/p>\n<p class=\"font-size-14 mt-2 mb-0\">Cr\u00e9dit image: Rubix<\/p>\n<p class=\"font-size-14 mb-4\">Le projet dynamisera la zone industrielle de Meyrin-Satigny tout en proposant une r\u00e9ponse au manque de terrains disponibles. <\/p>\n<p>C\u2019est<br \/>\nun projet qui confirme l\u2019attractivit\u00e9 \u00e9conomique du canton de Gen\u00e8ve, et de sa zone<br \/>\nindustrielle de Meyrin-Satigny (Zimeysa). Le premier des deux b\u00e2timents du<br \/>\nprojet Rubix va pouvoir accueillir ses premiers utilisateurs dans ses surfaces<br \/>\nflexibles. Diverses soci\u00e9t\u00e9s vont pouvoir l\u2019investir pour proposer une<br \/>\np\u00e9pini\u00e8re d\u2019innovations et de technologies diverses, en particulier dans les<br \/>\ndomaines m\u00e9dicaux et horlogers.<\/p>\n<p>Une<br \/>\ndemande difficile \u00e0 satisfaire<br \/>Le projet r\u00e9pond \u00e0 une demande de terrains toujours plus difficile \u00e0 satisfaire<br \/>\ndans le canton. Il consiste \u00e0 doter la zone d\u2019un outil industriel de tout<br \/>\npremier plan, avec tous les \u00e9quipements requis. Notamment en mani\u00e8re de<br \/>\ntransport et de logistique. Le premier des deux b\u00e2timents pr\u00e9vus a \u00e9t\u00e9 mis en<br \/>\nchantier il y a deux ans. <\/p>\n<p>        <img decoding=\"async\" src=\"https:\/\/www.europesays.com\/ch-fr\/wp-content\/uploads\/2026\/09\/31790_1.jpg\" alt=\"Rubix ouverture A\" class=\"img-responsive\"\/><\/p>\n<p class=\"font-size-14 mt-2 mb-0\">Cr\u00e9dit image: Julien Gaspoz, REIS<\/p>\n<p class=\"font-size-14 mb-4\">Andr\u00e9 Sassone, de HRS Real Estate SA, et Johannes Gerzain, directeur suisse de Reis, devant leur nouvel outil industriel. <\/p>\n<p>Le<br \/>\npremier b\u00e2timent de Rubix satisfait d\u00e9j\u00e0 toutes les ambitions des porteurs de<br \/>\nce projet. Il est dot\u00e9 de quais de d\u00e9chargement accessibles aux poids lourds et<br \/>\nde monte-charges de grande capacit\u00e9, ainsi que d\u2019espaces d\u2019une grande hauteur<br \/>\nau plafond. Ses sols b\u00e9n\u00e9ficient d\u2019une grande portance. Son int\u00e9rieur a int\u00e9gr\u00e9<br \/>\ndes espaces logistiques flexibles selon la volont\u00e9 de ses utilisateurs industriels.<br \/>\nLe b\u00e2timent est aussi con\u00e7u pour \u00e9voluer au fil du temps et des activit\u00e9s qui l\u2019investiront.<\/p>\n<p>D\u00e9passer<br \/>\nune conception purement fonctionnelle<br \/>Le premier utilisateur de Rubix illustre cette approche. Il occupe quelque<br \/>\n8300\u00a0m\u00b2, et sa venue a permis aux architectes d\u2019ajouter plusieurs cordes<br \/>\ntechniques \u00e0 leur arc. Au-del\u00e0 de cette performance, Rubix veut dessiner les<br \/>\ncontours de la zone industrielle de demain en misant sur la verticalit\u00e9. Avec<br \/>\npour but de d\u00e9passer une conception purement fonctionnelle pour cr\u00e9er un environnement<br \/>\nde travail plus ouvert. C\u2019est ainsi que le site va aussi se d\u00e9sert d\u2019espaces v\u00e9g\u00e9talis\u00e9s<br \/>\net d\u2019une place arbor\u00e9e. De quoi all\u00e9ger une densification toujours voulue par<br \/>\nla l\u00e9gislation.<\/p>\n<p>Le<br \/>\nprojet est port\u00e9 par la soci\u00e9t\u00e9 internationale Reis. Il a b\u00e9n\u00e9fici\u00e9 de l\u2019apport<br \/>\nde diff\u00e9rents partenaires, comme la Fondation pour les terrains industriels de<br \/>\nGen\u00e8ve. Cette mobilisation laisse entrevoir un d\u00e9veloppement encore plus diversifi\u00e9<br \/>\nde l\u2019\u00e9cosyst\u00e8me \u00e9conomique genevois. Rubix totalisera deux b\u00e2timents sur une<br \/>\nsurface de\u00a047&rsquo;000\u00a0m\u00b2 \u00e0 terme. Le second immeuble sera mis en service en<br \/>\njanvier prochain. <\/p>\n","protected":false},"excerpt":{"rendered":"Teaserbild-Quelle: Rubix Le premier des deux b\u00e2timents industriels en construction \u00e0 Meyrin (GE) accueille ses utilisateurs. Ses locaux&hellip;\n","protected":false},"author":2,"featured_media":287381,"comment_status":"","ping_status":"","sticky":false,"template":"","format":"standard","meta":{"footnotes":"","_share_on_mastodon":"0"},"categories":[17],"tags":[8523,20859,2224,4750,44,1163,170,169,4935,4747,9429,23,956],"class_list":["post-287380","post","type-post","status-publish","format-standard","has-post-thumbnail","category-geneve","tag-architecture-et-construction","tag-ascenseurs","tag-constructions-nouvelles","tag-developpement","tag-economie","tag-gef_news","tag-geneva","tag-geneve","tag-paysagisme","tag-rub_economie","tag-societes","tag-suisse","tag-transports"],"share_on_mastodon":{"url":"https:\/\/pubeurope.com\/@ch_fr\/117200054656591311","error":""},"_links":{"self":[{"href":"https:\/\/www.europesays.com\/ch-fr\/wp-json\/wp\/v2\/posts\/287380","targetHints":{"allow":["GET"]}}],"collection":[{"href":"https:\/\/www.europesays.com\/ch-fr\/wp-json\/wp\/v2\/posts"}],"about":[{"href":"https:\/\/www.europesays.com\/ch-fr\/wp-json\/wp\/v2\/types\/post"}],"author":[{"embeddable":true,"href":"https:\/\/www.europesays.com\/ch-fr\/wp-json\/wp\/v2\/users\/2"}],"replies":[{"embeddable":true,"href":"https:\/\/www.europesays.com\/ch-fr\/wp-json\/wp\/v2\/comments?post=287380"}],"version-history":[{"count":0,"href":"https:\/\/www.europesays.com\/ch-fr\/wp-json\/wp\/v2\/posts\/287380\/revisions"}],"wp:featuredmedia":[{"embeddable":true,"href":"https:\/\/www.europesays.com\/ch-fr\/wp-json\/wp\/v2\/media\/287381"}],"wp:attachment":[{"href":"https:\/\/www.europesays.com\/ch-fr\/wp-json\/wp\/v2\/media?parent=287380"}],"wp:term":[{"taxonomy":"category","embeddable":true,"href":"https:\/\/www.europesays.com\/ch-fr\/wp-json\/wp\/v2\/categories?post=287380"},{"taxonomy":"post_tag","embeddable":true,"href":"https:\/\/www.europesays.com\/ch-fr\/wp-json\/wp\/v2\/tags?post=287380"}],"curies":[{"name":"wp","href":"https:\/\/api.w.org\/{rel}","templated":true}]}}