{"id":287390,"date":"2026-09-02T06:42:07","date_gmt":"2026-09-02T06:42:07","guid":{"rendered":"https:\/\/www.europesays.com\/ch-fr\/287390\/"},"modified":"2026-09-02T06:42:07","modified_gmt":"2026-09-02T06:42:07","slug":"mene-deux-sets-a-un-alexander-zverev-sen-sort-face-a-lorenzo-sonego-au-premier-tour-de-lus-open-lequipe","status":"publish","type":"post","link":"https:\/\/www.europesays.com\/ch-fr\/287390\/","title":{"rendered":"Men\u00e9 deux sets \u00e0 un, Alexander Zverev s&#039;en sort face \u00e0 Lorenzo Sonego au premier tour de l&#039;US Open &#8211; L&#039;\u00c9quipe"},"content":{"rendered":"<p><a href=\"https:\/\/news.google.com\/rss\/articles\/CBMi3wFBVV95cUxQbWFzM0trSUc0cmlJOS1wUFRmbjNTOFdId1BkMnROdENGbHRRa3dZUkRXNFgyRHpaOTdtUk4yQmJHcGttZVRraXk4ZzYxWVRTNFRTY3hvdm1EdDlSQVBGOTNOUmRTQ1RYc2JJckZ3Q09KTmpodGZ5Ri1kZGtNaFdKdTRtenRKcW8yNHExNTJNM0RvMHNxMTNWTFo2NHNDNEwySF96ZUxDRXBKQnNhV1ItMHF2cVExd21vMnJUQ3AwTjVGbVBKNEJmVmVYOFpJTVlGajFaQjhuY09zSzJ2aVM4?oc=5\" target=\"_blank\" rel=\"nofollow noopener\">Men\u00e9 deux sets \u00e0 un, Alexander Zverev s&rsquo;en sort face \u00e0 Lorenzo Sonego au premier tour de l&rsquo;US Open<\/a>&nbsp;&nbsp;L&rsquo;\u00c9quipe<a href=\"https:\/\/news.google.com\/rss\/articles\/CBMimAJBVV95cUxNRHZReDg5Uk0xSUdyaHBucXVnN01RWjhtbmxPZThrall1dE9INGd0c1ZuSFpxNEVJbFBYeXg1bjB4ekpYckZMZHp6aXBXenZ5TnpJUTBXbGhNaEkydFpPaG8zTUZBQ2xSV2JOYkZabUhDbWRfRnk1RUZvMEtHbVhILUpFdnhYUHJQSE43UlJlMUdROFYtS05lb0ZRRmtCbnlhN05vQko1WDRvUXFmVGQ0VHJhWm1mNm9saWFnX25KV2k4M08tREtLRUx0NUNObDlsUGJWbTJzUU5TbGNEaURxc3lJSDU5dmpVRC1VVjc4aGkteE5jVFdxQnNGT2hpNnhWUi1XWUYzLTB3dU5nTjY1NDhMN1k0ZUFG?oc=5\" target=\"_blank\" rel=\"nofollow noopener\">US Open. Alexander Zverev, chahut\u00e9 d\u00e8s le premier tour, s\u2019en sort en pr\u00e8s de 5 heures contre Lorenzo Sonego<\/a>&nbsp;&nbsp;Ouest-France<a href=\"https:\/\/news.google.com\/rss\/articles\/CBMisgFBVV95cUxQQlpxOGVnX2JkU01oWlFZSklqMTZmbVFkR1RTQmtCaktIN1RSSnA3eTRxMDRQdXVTMHRBVUpYMFIyaXFLS3hwWVF2MEFvSVFsMi1pRTE5YXBGMjZDdV8tYlR6Tjh2U0ZNelFtVzI3MmdWZndNN09jLVh3dlNsVmlQRHNUYVkwSHE1R2VVdTBHVEt2U1QxdW91ZFNQQXlGb1FYQ1RDMkExMVIwV2VBU0V2TVhB?oc=5\" target=\"_blank\" rel=\"nofollow noopener\">US Open : Sonego affronte d\u2019embl\u00e9e Zverev ; Berrettini rencontre Wawrinka<\/a>&nbsp;&nbsp;fr.lapresse.it<a href=\"https:\/\/news.google.com\/rss\/articles\/CBMiY0FVX3lxTE5MNGIyb0p1V29KUVo2TnFmSFEweVdnQ1RmUHczR1k5YUUwMWpSbWFJQkx1WXRFWVpwYmZWMDR2SGY3ZzRnOTVtVDMwWk9ob2pUQmVwUGs2aVQ5TGxvLUpoeXUwMA?oc=5\" target=\"_blank\" rel=\"nofollow noopener\">Zverev s&rsquo;en sort en cinq sets au 1er tour de l&rsquo;US Open<\/a>&nbsp;&nbsp;Leman bleu<a href=\"https:\/\/news.google.com\/rss\/articles\/CBMingJBVV95cUxNQ0t0Q0oyYy1KQ0hwRXg5V2ttV2NPY0VHQXlPbFB0UDRWQUE3S09jSmt3ZkY3ZkhoQWpwQUtlNUdvTERKUHFzVEl3LVFIWXBBT3hjYUtDVE81NnV4WDd4eXh1UHBVQWJqdFVuV3BZbFFJZE1FX3hNeFVXckpNMEpFbDlfZXY1N0ctaWI5YWJxZENmc195Q3RmQnZ1RFVmcUFzZWtFWjFQMU5MSEhNeVNCNFFIZXFRdHZDVEt6ZkZrQ3dEZWl6ZXljeDdHa1ZaYVdjLUgxcUI0T0pTVXh0MVdwb0lpTmlyVDViblR2SFl1UHBZdVVuRG9YRXNRYWlETXRndUhJX3JMRDUzcDU0SzV4b0RGQVpLOThTNnhjZWFR?oc=5\" target=\"_blank\" rel=\"nofollow noopener\">Au bout de la nuit, Zverev s&rsquo;impose contre Sonego : la balle de match en vid\u00e9o<\/a>&nbsp;&nbsp;Eurosport<\/p>\n","protected":false},"excerpt":{"rendered":"Men\u00e9 deux sets \u00e0 un, Alexander Zverev s&rsquo;en sort face \u00e0 Lorenzo Sonego au premier tour de l&rsquo;US&hellip;\n","protected":false},"author":2,"featured_media":287391,"comment_status":"","ping_status":"","sticky":false,"template":"","format":"standard","meta":{"footnotes":"","_share_on_mastodon":"0"},"categories":[8],"tags":[16259,21075,22980,75,23,4344,42963],"class_list":["post-287390","post","type-post","status-publish","format-standard","has-post-thumbnail","category-sports","tag-actus-et-infos","tag-alexander-zverev","tag-romain-lefebvre","tag-sports","tag-suisse","tag-tennis","tag-us-open"],"share_on_mastodon":{"url":"https:\/\/pubeurope.com\/@ch_fr\/117200089730536529","error":""},"_links":{"self":[{"href":"https:\/\/www.europesays.com\/ch-fr\/wp-json\/wp\/v2\/posts\/287390","targetHints":{"allow":["GET"]}}],"collection":[{"href":"https:\/\/www.europesays.com\/ch-fr\/wp-json\/wp\/v2\/posts"}],"about":[{"href":"https:\/\/www.europesays.com\/ch-fr\/wp-json\/wp\/v2\/types\/post"}],"author":[{"embeddable":true,"href":"https:\/\/www.europesays.com\/ch-fr\/wp-json\/wp\/v2\/users\/2"}],"replies":[{"embeddable":true,"href":"https:\/\/www.europesays.com\/ch-fr\/wp-json\/wp\/v2\/comments?post=287390"}],"version-history":[{"count":0,"href":"https:\/\/www.europesays.com\/ch-fr\/wp-json\/wp\/v2\/posts\/287390\/revisions"}],"wp:featuredmedia":[{"embeddable":true,"href":"https:\/\/www.europesays.com\/ch-fr\/wp-json\/wp\/v2\/media\/287391"}],"wp:attachment":[{"href":"https:\/\/www.europesays.com\/ch-fr\/wp-json\/wp\/v2\/media?parent=287390"}],"wp:term":[{"taxonomy":"category","embeddable":true,"href":"https:\/\/www.europesays.com\/ch-fr\/wp-json\/wp\/v2\/categories?post=287390"},{"taxonomy":"post_tag","embeddable":true,"href":"https:\/\/www.europesays.com\/ch-fr\/wp-json\/wp\/v2\/tags?post=287390"}],"curies":[{"name":"wp","href":"https:\/\/api.w.org\/{rel}","templated":true}]}}