{"id":287432,"date":"2026-09-02T07:18:23","date_gmt":"2026-09-02T07:18:23","guid":{"rendered":"https:\/\/www.europesays.com\/ch-fr\/287432\/"},"modified":"2026-09-02T07:18:23","modified_gmt":"2026-09-02T07:18:23","slug":"nouvelle-edition-record-pour-les-jardins-musicaux","status":"publish","type":"post","link":"https:\/\/www.europesays.com\/ch-fr\/287432\/","title":{"rendered":"Nouvelle \u00e9dition record pour les Jardins musicaux"},"content":{"rendered":"<p>Les Jardins musicaux signent un nouveau record de fr\u00e9quentation. Le festival a conclu sa 29e \u00e9dition dimanche \u00e0 Evologia \u00e0 Cernier. Au lendemain, les organisateurs rel\u00e8vent que 17&rsquo;000 personnes ont assist\u00e9 \u00e0 la manifestation. Une \u00e9dition qualifi\u00e9e \u00ab d\u2019intense \u00bb dans le communiqu\u00e9. La plupart des 41 repr\u00e9sentations donn\u00e9es dans treize lieux sur quatre cantons ont affich\u00e9 complet.<\/p>\n<p>Beethoven, Zimmermann, Schostakovitch, Chaplin, Stravinsky\u2026. Il y en avait pour tous les go\u00fbts et tous les \u00e2ges au travers des concerts, spectacles, th\u00e9\u00e2tres musicaux et cin\u00e9-concert. Les Jardins musicaux sont une nouvelle fois sortis de Cernier pour parcourir la r\u00e9gion du Parc Chasseral. Six rendez-vous ont associ\u00e9 concerts et d\u00e9couvertes du patrimoine, invitant le public \u00e0 d\u00e9couvrir autrement des lieux singuliers et leur histoire. \u00ab La formule a rencontr\u00e9 un grand succ\u00e8s, confirmant la pertinence de cette collaboration avec le Parc Chasseral qui se poursuit d\u2019ann\u00e9e en ann\u00e9e \u00bb, peut-on lire dans le communiqu\u00e9. <\/p>\n<p>En conclusion, les organisateurs rel\u00e8vent que \u00ab cette \u00e9dition aura rassembl\u00e9 curieux de d\u00e9couvertes, m\u00e9lomanes avertis ou non, dans des plaisirs partag\u00e9s. \u00bb \/comm-lgn <\/p>\n","protected":false},"excerpt":{"rendered":"Les Jardins musicaux signent un nouveau record de fr\u00e9quentation. Le festival a conclu sa 29e \u00e9dition dimanche \u00e0&hellip;\n","protected":false},"author":2,"featured_media":287433,"comment_status":"","ping_status":"","sticky":false,"template":"","format":"standard","meta":{"footnotes":"","_share_on_mastodon":"0"},"categories":[10],"tags":[121,124,128,119,113,112,122,123,118,136,132,131,133,130,135,120,126,117,125,114,115,116,23,129,127,134],"class_list":["post-287432","post","type-post","status-publish","format-standard","has-post-thumbnail","category-divertissement","tag-ajoie","tag-animation","tag-bienne","tag-delemont","tag-divertissement","tag-entertainment","tag-franches-montagnes","tag-frequence","tag-jura","tag-jura-bernois","tag-la-chaux-de-fonds","tag-moutier","tag-neuchatel","tag-neuveville","tag-payerne","tag-porrentruy","tag-publicite","tag-radio","tag-redaction","tag-rfj","tag-rjb","tag-rtn","tag-suisse","tag-tavannes","tag-vallon-de-st-imier","tag-yverdon"],"share_on_mastodon":{"url":"https:\/\/pubeurope.com\/@ch_fr\/117200231090225273","error":""},"_links":{"self":[{"href":"https:\/\/www.europesays.com\/ch-fr\/wp-json\/wp\/v2\/posts\/287432","targetHints":{"allow":["GET"]}}],"collection":[{"href":"https:\/\/www.europesays.com\/ch-fr\/wp-json\/wp\/v2\/posts"}],"about":[{"href":"https:\/\/www.europesays.com\/ch-fr\/wp-json\/wp\/v2\/types\/post"}],"author":[{"embeddable":true,"href":"https:\/\/www.europesays.com\/ch-fr\/wp-json\/wp\/v2\/users\/2"}],"replies":[{"embeddable":true,"href":"https:\/\/www.europesays.com\/ch-fr\/wp-json\/wp\/v2\/comments?post=287432"}],"version-history":[{"count":0,"href":"https:\/\/www.europesays.com\/ch-fr\/wp-json\/wp\/v2\/posts\/287432\/revisions"}],"wp:featuredmedia":[{"embeddable":true,"href":"https:\/\/www.europesays.com\/ch-fr\/wp-json\/wp\/v2\/media\/287433"}],"wp:attachment":[{"href":"https:\/\/www.europesays.com\/ch-fr\/wp-json\/wp\/v2\/media?parent=287432"}],"wp:term":[{"taxonomy":"category","embeddable":true,"href":"https:\/\/www.europesays.com\/ch-fr\/wp-json\/wp\/v2\/categories?post=287432"},{"taxonomy":"post_tag","embeddable":true,"href":"https:\/\/www.europesays.com\/ch-fr\/wp-json\/wp\/v2\/tags?post=287432"}],"curies":[{"name":"wp","href":"https:\/\/api.w.org\/{rel}","templated":true}]}}