{"id":287468,"date":"2026-09-02T07:43:10","date_gmt":"2026-09-02T07:43:10","guid":{"rendered":"https:\/\/www.europesays.com\/ch-fr\/287468\/"},"modified":"2026-09-02T07:43:10","modified_gmt":"2026-09-02T07:43:10","slug":"les-citoyens-des-breuleux-mettent-un-stop-aux-placements-financiers","status":"publish","type":"post","link":"https:\/\/www.europesays.com\/ch-fr\/287468\/","title":{"rendered":"Les citoyens des Breuleux mettent un stop aux placements financiers"},"content":{"rendered":"<p>Les citoyens des Breuleux ne veulent pas que l\u2019argent de la commune soit <a href=\"https:\/\/www.rfj.ch\/Scripts\/Index.aspx?id=9766261\" target=\"_blank\" rel=\"nofollow noopener\">plac\u00e9 en bourse<\/a>. R\u00e9unis mardi soir en assembl\u00e9e extraordinaire, ils ont refus\u00e9 \u00e0 la majorit\u00e9 \u00e9vidente de donner comp\u00e9tence au Conseil communal d\u2019effectuer des placements financiers \u00e0 hauteur de maximum 5 millions de francs, tout comme la cr\u00e9ation d&rsquo;une commission sp\u00e9ciale \u00e0 ce sujet. Lors de cette s\u00e9ance, les 99 ayants droit pr\u00e9sents ont adopt\u00e9 le Plan d\u2019am\u00e9nagement local (PAL) et le R\u00e8glement communal sur les constructions. Ils ont aussi accept\u00e9 un cr\u00e9dit de 45&rsquo;000 francs pour la mise en place d\u2019une gestion \u00e9lectronique des documents \u00e0 l\u2019administration. \/comm-emu<\/p>\n","protected":false},"excerpt":{"rendered":"Les citoyens des Breuleux ne veulent pas que l\u2019argent de la commune soit plac\u00e9 en bourse. R\u00e9unis mardi&hellip;\n","protected":false},"author":2,"featured_media":287469,"comment_status":"","ping_status":"","sticky":false,"template":"","format":"standard","meta":{"footnotes":"","_share_on_mastodon":"0"},"categories":[4],"tags":[22,121,124,128,119,122,123,118,136,132,131,133,130,21,135,120,126,117,125,114,115,116,23,129,127,134],"class_list":["post-287468","post","type-post","status-publish","format-standard","has-post-thumbnail","category-actualites","tag-actualites","tag-ajoie","tag-animation","tag-bienne","tag-delemont","tag-franches-montagnes","tag-frequence","tag-jura","tag-jura-bernois","tag-la-chaux-de-fonds","tag-moutier","tag-neuchatel","tag-neuveville","tag-news","tag-payerne","tag-porrentruy","tag-publicite","tag-radio","tag-redaction","tag-rfj","tag-rjb","tag-rtn","tag-suisse","tag-tavannes","tag-vallon-de-st-imier","tag-yverdon"],"share_on_mastodon":{"url":"https:\/\/pubeurope.com\/@ch_fr\/117200329493612462","error":""},"_links":{"self":[{"href":"https:\/\/www.europesays.com\/ch-fr\/wp-json\/wp\/v2\/posts\/287468","targetHints":{"allow":["GET"]}}],"collection":[{"href":"https:\/\/www.europesays.com\/ch-fr\/wp-json\/wp\/v2\/posts"}],"about":[{"href":"https:\/\/www.europesays.com\/ch-fr\/wp-json\/wp\/v2\/types\/post"}],"author":[{"embeddable":true,"href":"https:\/\/www.europesays.com\/ch-fr\/wp-json\/wp\/v2\/users\/2"}],"replies":[{"embeddable":true,"href":"https:\/\/www.europesays.com\/ch-fr\/wp-json\/wp\/v2\/comments?post=287468"}],"version-history":[{"count":0,"href":"https:\/\/www.europesays.com\/ch-fr\/wp-json\/wp\/v2\/posts\/287468\/revisions"}],"wp:featuredmedia":[{"embeddable":true,"href":"https:\/\/www.europesays.com\/ch-fr\/wp-json\/wp\/v2\/media\/287469"}],"wp:attachment":[{"href":"https:\/\/www.europesays.com\/ch-fr\/wp-json\/wp\/v2\/media?parent=287468"}],"wp:term":[{"taxonomy":"category","embeddable":true,"href":"https:\/\/www.europesays.com\/ch-fr\/wp-json\/wp\/v2\/categories?post=287468"},{"taxonomy":"post_tag","embeddable":true,"href":"https:\/\/www.europesays.com\/ch-fr\/wp-json\/wp\/v2\/tags?post=287468"}],"curies":[{"name":"wp","href":"https:\/\/api.w.org\/{rel}","templated":true}]}}