{"id":287478,"date":"2026-09-02T07:51:16","date_gmt":"2026-09-02T07:51:16","guid":{"rendered":"https:\/\/www.europesays.com\/ch-fr\/287478\/"},"modified":"2026-09-02T07:51:16","modified_gmt":"2026-09-02T07:51:16","slug":"tele-lamour-est-dans-le-pre-benoit-lagriculteur-du-grand-est-a-eu-droit-a-un-speed-dating-tres-particulier","status":"publish","type":"post","link":"https:\/\/www.europesays.com\/ch-fr\/287478\/","title":{"rendered":"T\u00e9l\u00e9. L&rsquo;Amour est dans le pr\u00e9 : Beno\u00eet, l&rsquo;agriculteur du Grand Est, a eu droit \u00e0 un speed-dating tr\u00e8s particulier"},"content":{"rendered":"<p>Beno\u00eet, 38 ans, c\u00e9r\u00e9alier et \u00e9leveur laitier en Haute-Marne, \u00e0 quelques encablures de la Meuse et des Vosges,\u00a0est l&rsquo;un des 14 agriculteurs \u00e0 la recherche de l&rsquo;amour dans cette saison 21 de L&rsquo;Amour est dans le pr\u00e9. En janvier, <a href=\"https:\/\/www.republicain-lorrain.fr\/societe\/2026\/01\/05\/l-amour-est-dans-le-pre-un-agriculteur-un-peu-bourru-au-grand-coeur-du-grand-est-dans-cette-saison\" target=\"_blank\" rel=\"nofollow noopener\">on avait pu d\u00e9couvrir le portrait<\/a> d&rsquo;un homme s\u00e9rieux, minutieux, fan de techno et un peu bourru.\u00a0<\/p>\n<p><a href=\"https:\/\/www.republicain-lorrain.fr\/societe\/2026\/08\/17\/l-amour-est-dans-le-pre-deux-freres-plus-d-intimite-ce-que-vous-reserve-la-21-sup-e-sup-saison\" target=\"_blank\" rel=\"nofollow noopener\">Depuis la reprise de l&rsquo;\u00e9mission en ao\u00fbt<\/a>, les t\u00e9l\u00e9spectateurs\u00a0suivent avec int\u00e9r\u00eat\u00a0les speed-datings des coeurs \u00e0 prendre. Traditionnellement, lors de cette \u00e9tape, les agriculteurs recoivent leurs courriers, s\u00e9lectionnent quelques profils et rencontrent leurs pr\u00e9tendantes \u00e0 Paris, sous l&rsquo;oeil bienveillant de <a href=\"https:\/\/www.republicain-lorrain.fr\/p\/karine-le-marchand\" target=\"_blank\" rel=\"nofollow noopener\">Karine Le Marchand<\/a>. Mais pour Beno\u00eet, les choses se sont pass\u00e9es tr\u00e8s diff\u00e9remment.\u00a0<\/p>\n<p>En effet, ce grand\u00a0timide n&rsquo;a re\u00e7u que deux lettres. Pour le mettre dans les meilleures conditions possibles, la production a donc d\u00e9cid\u00e9 de convier directement les deux femmes \u00e0 la ferme, sans contrainte de temps.<\/p>\n<p>  \u00ab\u00a0Ca va \u00eatre beaucoup plus doux pour toi\u00a0\u00bb<\/p>\n<p>\u00ab Nous avons boulevers\u00e9 notre sch\u00e9ma pour toi Benoit, et je pense que \u00e7a va \u00eatre beaucoup plus doux \u00bb, lui explique Karine Le Marchand au t\u00e9l\u00e9phone. \u00ab\u00a0Je croise les doigts, il en suffit d&rsquo;une\u00a0! Ce n&rsquo;est pas ceux qui ont le plus de courriers qui trouvent l&rsquo;amour, bien au contraire, quasiment tous ceux qui n&rsquo;avaient re\u00e7u que quelques lettres ont trouv\u00e9\u00a0\u00bb, a-t-elle rassur\u00e9 l&rsquo;agriculteur.\u00a0<\/p>\n<p>Ce contenu est bloqu\u00e9 car vous n&rsquo;avez pas accept\u00e9 les cookies et autres traceurs.<\/p>\n<p>En cliquant sur \u00ab J\u2019accepte \u00bb, les cookies et autres traceurs seront d\u00e9pos\u00e9s et vous pourrez visualiser les contenus  (<a href=\"\" class=\"consentModule_policy\" target=\"_blank\" title=\"Consulter la politique de protection des donn\u00e9es du fournisseur\">plus d&rsquo;informations<\/a>).<\/p>\n<p>En cliquant sur \u00ab J\u2019accepte tous les cookies \u00bb, vous autorisez des d\u00e9p\u00f4ts de cookies et autres traceurs pour le stockage de vos donn\u00e9es sur nos sites et applications \u00e0 des fins de personnalisation et de ciblage publicitaire.<\/p>\n<p class=\"consentModule_secondaryText\">Vous gardez la possibilit\u00e9 de retirer votre consentement \u00e0 tout moment en consultant notre <a href=\"https:\/\/www.republicain-lorrain.fr\/protection-des-donnees\" target=\"_blank\" title=\"Consulter notre politique de protection des donn\u00e9es\" rel=\"nofollow noopener\">politique de protection des donn\u00e9es<\/a>. <br \/>&#13;<br \/>\n            <a href=\"https:\/\/www.republicain-lorrain.fr\/societe\/2026\/09\/02\/javascript:Didomi.notice.show()\" class=\"consentModule_cmp\" rel=\"nofollow noopener\" target=\"_blank\">G\u00e9rer mes choix<\/a>&#13;\n        <\/p>\n<p>&#13;<br \/>\n                        J&rsquo;accepte&#13;<br \/>\n            J&rsquo;accepte tous les cookies&#13;\n        <\/p>\n<p>Benoit a donc accueilli Charl\u00e8ne, 38 ans et aide-soignante, puis \u00c9lodie, 36 ans, qui vit \u00e0 seulement dix minutes de\u00a0la ferme.\u00a0Apr\u00e8s leur premi\u00e8re rencontre, il a\u00a0finalement d\u00e9cid\u00e9 d\u2019inviter les deux femmes \u00e0 poursuivre l\u2019aventure \u00e0 la ferme. La suite lundi prochain\u00a0!<\/p>\n","protected":false},"excerpt":{"rendered":"Beno\u00eet, 38 ans, c\u00e9r\u00e9alier et \u00e9leveur laitier en Haute-Marne, \u00e0 quelques encablures de la Meuse et des Vosges,\u00a0est&hellip;\n","protected":false},"author":2,"featured_media":287479,"comment_status":"","ping_status":"","sticky":false,"template":"","format":"standard","meta":{"footnotes":"","_share_on_mastodon":"0"},"categories":[13],"tags":[663,113,112,297,91,7630,23,142,753],"class_list":["post-287478","post","type-post","status-publish","format-standard","has-post-thumbnail","category-television","tag-culture-loisirs","tag-divertissement","tag-entertainment","tag-fil-info","tag-france-monde","tag-region-lorraine","tag-suisse","tag-television","tag-television-medias"],"share_on_mastodon":{"url":"https:\/\/pubeurope.com\/@ch_fr\/117200360686661792","error":""},"_links":{"self":[{"href":"https:\/\/www.europesays.com\/ch-fr\/wp-json\/wp\/v2\/posts\/287478","targetHints":{"allow":["GET"]}}],"collection":[{"href":"https:\/\/www.europesays.com\/ch-fr\/wp-json\/wp\/v2\/posts"}],"about":[{"href":"https:\/\/www.europesays.com\/ch-fr\/wp-json\/wp\/v2\/types\/post"}],"author":[{"embeddable":true,"href":"https:\/\/www.europesays.com\/ch-fr\/wp-json\/wp\/v2\/users\/2"}],"replies":[{"embeddable":true,"href":"https:\/\/www.europesays.com\/ch-fr\/wp-json\/wp\/v2\/comments?post=287478"}],"version-history":[{"count":0,"href":"https:\/\/www.europesays.com\/ch-fr\/wp-json\/wp\/v2\/posts\/287478\/revisions"}],"wp:featuredmedia":[{"embeddable":true,"href":"https:\/\/www.europesays.com\/ch-fr\/wp-json\/wp\/v2\/media\/287479"}],"wp:attachment":[{"href":"https:\/\/www.europesays.com\/ch-fr\/wp-json\/wp\/v2\/media?parent=287478"}],"wp:term":[{"taxonomy":"category","embeddable":true,"href":"https:\/\/www.europesays.com\/ch-fr\/wp-json\/wp\/v2\/categories?post=287478"},{"taxonomy":"post_tag","embeddable":true,"href":"https:\/\/www.europesays.com\/ch-fr\/wp-json\/wp\/v2\/tags?post=287478"}],"curies":[{"name":"wp","href":"https:\/\/api.w.org\/{rel}","templated":true}]}}