{"id":287484,"date":"2026-09-02T07:56:11","date_gmt":"2026-09-02T07:56:11","guid":{"rendered":"https:\/\/www.europesays.com\/ch-fr\/287484\/"},"modified":"2026-09-02T07:56:11","modified_gmt":"2026-09-02T07:56:11","slug":"us-open-a-40-ans-gael-monfils-se-qualifie-pour-le-2e-tour","status":"publish","type":"post","link":"https:\/\/www.europesays.com\/ch-fr\/287484\/","title":{"rendered":"US Open : \u00e0 40 ans, Ga\u00ebl Monfils se qualifie pour le 2e tour"},"content":{"rendered":"<p>Ses adieux en Grand Chelem attendront. Le v\u00e9t\u00e9ran fran\u00e7ais Ga\u00ebl Monfils a c\u00e9l\u00e9br\u00e9 ses 40 ans en se qualifiant pour le 2e tour de l&rsquo;US Open gr\u00e2ce \u00e0 sa victoire contre le Paraguayen Adolfo Daniel Vallejo (ATP 60), de 18 ans son cadet.<\/p>\n<p>L&rsquo;ex-no6 mondial, aujourd&rsquo;hui 311e, s&rsquo;est impos\u00e9 2-6 6-1 6-2 6-0 pour devenir le troisi\u00e8me quadrag\u00e9naire \u00e0 remporter un match \u00e0 l&rsquo;US Open dans le tableau masculin au cours de l&rsquo;\u00e8re Open, apr\u00e8s l&rsquo;Australien Ken Rosewall (42 ans en 1977) et l&rsquo;Am\u00e9ricain Jimmy Connors (40 ans en 1992).<\/p>\n<p>A quelques semaines de sa retraite pr\u00e9vue apr\u00e8s le Masters 1000 de Paris, les New-Yorkais se sont press\u00e9s pour assister aux derni\u00e8res heures du \u00ab\u00a0showman\u00a0\u00bb dans sa deuxi\u00e8me ville de coeur. L&rsquo;histoire d&rsquo;amour entre \u00ab\u00a0La Monf\u00a0\u00bb et le public du Queens ne date il est vrai pas d&rsquo;hier.<\/p>\n<p>Il y a eu son parcours sans perdre un set jusqu&rsquo;en demi-finales en 2016, battu par le Serbe Novak Djokovic. Ou encore ce match \u00e9pique en 2014, lorsqu&rsquo;il avait men\u00e9 deux sets \u00e0 rien contre Roger Federer, se procurant deux balles de match dans le quatri\u00e8me set avant de c\u00e9der finalement dans le cinqui\u00e8me apr\u00e8s 3h20.<\/p>\n<p>Un d\u00e9but rat\u00e9<\/p>\n<p>Mardi, dans le stade Louis Armstrong, le deuxi\u00e8me dans la hi\u00e9rarchie \u00e0 Flushing Meadows, Ga\u00ebl Monfils est entr\u00e9 comme une rockstar, sous les cris des spectateurs, dont le vacarme n&rsquo;a pas cess\u00e9 du match. Pourtant, le Parisien a compl\u00e8tement manqu\u00e9 son d\u00e9but de match, passif au retour et trop impr\u00e9cis sur ses coups.<\/p>\n<p>Mais il a rectifi\u00e9 le tir d\u00e8s la deuxi\u00e8me manche, au cours de laquelle il a \u00e9t\u00e9 bien plus entreprenant et en r\u00e9ussite. Et il n&rsquo;a m\u00eame pas laiss\u00e9 une miette \u00e0 Vallejo dans le dernier set, conclu par une bulle, un jeu blanc et un ace, la totale. \u00ab\u00a0Il a 22 ans, donc \u00e7a fait plaisir de le battre s\u00e8chement\u00a0\u00bb, s&rsquo;est vant\u00e9 Ga\u00ebl Monfils.<\/p>\n<p>New York aura donc droit \u00e0 une date suppl\u00e9mentaire du v\u00e9t\u00e9ran fran\u00e7ais, contre l&rsquo;Am\u00e9ricain Learner Tien (ATP 15), pour faire durer encore un peu le plaisir de son baroud d&rsquo;honneur en Grand Chelem.<\/p>\n<p class=\"sources\">agences\/tai<\/p>\n","protected":false},"excerpt":{"rendered":"Ses adieux en Grand Chelem attendront. Le v\u00e9t\u00e9ran fran\u00e7ais Ga\u00ebl Monfils a c\u00e9l\u00e9br\u00e9 ses 40 ans en se&hellip;\n","protected":false},"author":2,"featured_media":287485,"comment_status":"","ping_status":"","sticky":false,"template":"","format":"standard","meta":{"footnotes":"","_share_on_mastodon":"0"},"categories":[8],"tags":[38440,21075,7827,61506,1009,50604,22983,62485,7669,21074,62486,62487,36362,62488,20070,51549,18813,186,75,23,4344,39561,1224],"class_list":["post-287484","post","type-post","status-publish","format-standard","has-post-thumbnail","category-sports","tag-adolfo-daniel-vallejo","tag-alexander-zverev","tag-atp","tag-atp-us-open-1-64","tag-competition-sportive","tag-daniel-vallejo","tag-gael-monfils","tag-gael-monfils-daniel-vallejo","tag-grand-chelem-de-tennis","tag-jannik-sinner","tag-jimmy-connors","tag-ken-rosewall","tag-learner-tien","tag-lorenzo-sonego","tag-paraguay","tag-quentin-halys","tag-roger-federer","tag-sport","tag-sports","tag-suisse","tag-tennis","tag-us-open-de-tennis","tag-victoire"],"share_on_mastodon":{"url":"https:\/\/pubeurope.com\/@ch_fr\/117200380569150935","error":""},"_links":{"self":[{"href":"https:\/\/www.europesays.com\/ch-fr\/wp-json\/wp\/v2\/posts\/287484","targetHints":{"allow":["GET"]}}],"collection":[{"href":"https:\/\/www.europesays.com\/ch-fr\/wp-json\/wp\/v2\/posts"}],"about":[{"href":"https:\/\/www.europesays.com\/ch-fr\/wp-json\/wp\/v2\/types\/post"}],"author":[{"embeddable":true,"href":"https:\/\/www.europesays.com\/ch-fr\/wp-json\/wp\/v2\/users\/2"}],"replies":[{"embeddable":true,"href":"https:\/\/www.europesays.com\/ch-fr\/wp-json\/wp\/v2\/comments?post=287484"}],"version-history":[{"count":0,"href":"https:\/\/www.europesays.com\/ch-fr\/wp-json\/wp\/v2\/posts\/287484\/revisions"}],"wp:featuredmedia":[{"embeddable":true,"href":"https:\/\/www.europesays.com\/ch-fr\/wp-json\/wp\/v2\/media\/287485"}],"wp:attachment":[{"href":"https:\/\/www.europesays.com\/ch-fr\/wp-json\/wp\/v2\/media?parent=287484"}],"wp:term":[{"taxonomy":"category","embeddable":true,"href":"https:\/\/www.europesays.com\/ch-fr\/wp-json\/wp\/v2\/categories?post=287484"},{"taxonomy":"post_tag","embeddable":true,"href":"https:\/\/www.europesays.com\/ch-fr\/wp-json\/wp\/v2\/tags?post=287484"}],"curies":[{"name":"wp","href":"https:\/\/api.w.org\/{rel}","templated":true}]}}