{"id":287518,"date":"2026-09-02T08:18:17","date_gmt":"2026-09-02T08:18:17","guid":{"rendered":"https:\/\/www.europesays.com\/ch-fr\/287518\/"},"modified":"2026-09-02T08:18:17","modified_gmt":"2026-09-02T08:18:17","slug":"pourquoi-les-feuilles-des-arbres-ont-elles-bruni-des-lete","status":"publish","type":"post","link":"https:\/\/www.europesays.com\/ch-fr\/287518\/","title":{"rendered":"Pourquoi les feuilles des arbres ont-elles bruni d\u00e8s l&rsquo;\u00e9t\u00e9?"},"content":{"rendered":"<p>Des feuilles brunes sont apparues sur les arbres suisses d\u00e8s le mois de juillet. Ce ph\u00e9nom\u00e8ne pr\u00e9coce n&rsquo;est pas un automne anticip\u00e9, mais le signe d&rsquo;un stress climatique. La combinaison de chaleur extr\u00eame et de s\u00e9cheresse perturbe le cycle naturel des arbres et inqui\u00e8te les scientifiques.<\/p>\n<p>A l&rsquo;automne, les feuilles changent normalement de couleur selon un processus bien orchestr\u00e9. L&rsquo;arbre d\u00e9mant\u00e8le progressivement ses feuilles pour r\u00e9cup\u00e9rer nutriments, sucres et prot\u00e9ines. Ce recyclage, appel\u00e9 s\u00e9nescence, prend un \u00e0 deux mois. La chlorophylle se d\u00e9grade en premier, r\u00e9v\u00e9lant les carot\u00e9no\u00efdes qui donnent les teintes jaunes et orang\u00e9es. Chez certaines esp\u00e8ces comme l&rsquo;\u00e9rable, des anthocyanes produisent m\u00eame des couleurs rouges \u00e9clatantes.<\/p>\n<p>Mais cette ann\u00e9e, le spectacle est diff\u00e9rent. D\u00e8s la mi-juillet, les feuilles ont vir\u00e9 directement au brun, sans passer par cette palette de couleurs. Yann Vitasse, chercheur au WSL, sp\u00e9cialiste des processus saisonniers chez les arbres, explique au micro de CQFD que ce brunissement pr\u00e9matur\u00e9 r\u00e9sulte d&rsquo;un stress hydrique et thermique et non d&rsquo;une s\u00e9nescence normale.<\/p>\n<p>Un stress qui bloque le transport de l&rsquo;eau<\/p>\n<p>\u00ab\u00a0A l&rsquo;int\u00e9rieur de l&rsquo;arbre, de grosses tensions se sont d\u00e9velopp\u00e9es \u00e0 cause du manque d&rsquo;eau. Les vaisseaux qui transportent l&rsquo;eau se sont remplis d&rsquo;air. \u00c7a a bloqu\u00e9 le transport de l&rsquo;eau et les tissus se sont dess\u00e9ch\u00e9s\u00a0\u00bb, d\u00e9taille Charlotte Grossiord, \u00e9cophysiologiste, professeure \u00e0 l\u2019EPFL et chercheuse au WSL.<\/p>\n<p>Contrairement \u00e0 la s\u00e9nescence programm\u00e9e, ce brunissement brutal emp\u00eache l&rsquo;arbre de r\u00e9cup\u00e9rer ses nutriments. Les tissus se n\u00e9crosent directement. M\u00eame des feuilles encore vertes tombent compl\u00e8tement dess\u00e9ch\u00e9es. La chercheuse souligne que c&rsquo;est la combinaison fatale de tr\u00e8s peu de pluie pendant une longue p\u00e9riode et de temp\u00e9ratures d\u00e9passant les 35 degr\u00e9s qui a provoqu\u00e9 ces d\u00e9g\u00e2ts.<\/p>\n<p>Les satellites permettent de suivre ce brunissement \u00e0 grande \u00e9chelle. Mais ils ne peuvent pas distinguer si la cause est la s\u00e9cheresse, la chaleur ou une maladie. Les observations de terrain restent indispensables pour comprendre pr\u00e9cis\u00e9ment ce qui affecte les arbres.<\/p>\n<p>Des for\u00eats \u00e0 repenser pour l&rsquo;avenir<\/p>\n<p>La r\u00e9currence de ces \u00e9pisodes extr\u00eames inqui\u00e8te particuli\u00e8rement les scientifiques. Apr\u00e8s 2003, 2015, 2018 et 2022, l&rsquo;\u00e9t\u00e9 2026 confirme une tendance. Les arbres peuvent survivre \u00e0 une s\u00e9cheresse exceptionnelle, mais pas \u00e0 des stress aussi r\u00e9guliers. Leur adaptation g\u00e9n\u00e9tique est trop lente face \u00e0 la rapidit\u00e9 du changement climatique.<\/p>\n<p>A l&rsquo;\u00e9chelle de 50 ans, Yann Vitasse anticipe des changements majeurs dans la composition des for\u00eats, notamment en basse altitude. Le h\u00eatre et l&rsquo;\u00e9pic\u00e9a pourraient c\u00e9der la place \u00e0 des esp\u00e8ces plus tol\u00e9rantes au stress hydrique, comme certains ch\u00eanes. Pour pr\u00e9parer cette transition, les forestiers et scientifiques misent sur la diversit\u00e9: diversit\u00e9 g\u00e9n\u00e9tique, diversit\u00e9 d&rsquo;esp\u00e8ces et diversit\u00e9 de structures foresti\u00e8res.<\/p>\n<p>Le WSL teste actuellement des essences venues du sud, comme le h\u00eatre d&rsquo;Orient ou des ch\u00eanes m\u00e9diterran\u00e9ens. Mais les r\u00e9sultats prendront des ann\u00e9es. La for\u00eat de demain se pr\u00e9pare aujourd&rsquo;hui, avec une certitude: elle sera diff\u00e9rente de celle que nous connaissons.<\/p>\n<p class=\"sources\">Sujet radio: Ardit\u00eb Shabani<\/p>\n<p class=\"credit\">Adaptation web: Laure Pagella<\/p>\n","protected":false},"excerpt":{"rendered":"Des feuilles brunes sont apparues sur les arbres suisses d\u00e8s le mois de juillet. Ce ph\u00e9nom\u00e8ne pr\u00e9coce n&rsquo;est&hellip;\n","protected":false},"author":2,"featured_media":287519,"comment_status":"","ping_status":"","sticky":false,"template":"","format":"standard","meta":{"footnotes":"","_share_on_mastodon":"0"},"categories":[5],"tags":[1064,13898,1320,1065,5438,649,355,3701,40,668,392,3721,397,18913,41,42],"class_list":["post-287518","post","type-post","status-publish","format-standard","has-post-thumbnail","category-international","tag-arbre","tag-chaleur","tag-changement-climatique","tag-chercheur","tag-couleur","tag-eau","tag-environnement","tag-foret","tag-international","tag-meteo","tag-phenomene","tag-rechauffement-climatique","tag-scientifique","tag-secheresse","tag-world","tag-world-news"],"share_on_mastodon":{"url":"https:\/\/pubeurope.com\/@ch_fr\/117200466920686893","error":""},"_links":{"self":[{"href":"https:\/\/www.europesays.com\/ch-fr\/wp-json\/wp\/v2\/posts\/287518","targetHints":{"allow":["GET"]}}],"collection":[{"href":"https:\/\/www.europesays.com\/ch-fr\/wp-json\/wp\/v2\/posts"}],"about":[{"href":"https:\/\/www.europesays.com\/ch-fr\/wp-json\/wp\/v2\/types\/post"}],"author":[{"embeddable":true,"href":"https:\/\/www.europesays.com\/ch-fr\/wp-json\/wp\/v2\/users\/2"}],"replies":[{"embeddable":true,"href":"https:\/\/www.europesays.com\/ch-fr\/wp-json\/wp\/v2\/comments?post=287518"}],"version-history":[{"count":0,"href":"https:\/\/www.europesays.com\/ch-fr\/wp-json\/wp\/v2\/posts\/287518\/revisions"}],"wp:featuredmedia":[{"embeddable":true,"href":"https:\/\/www.europesays.com\/ch-fr\/wp-json\/wp\/v2\/media\/287519"}],"wp:attachment":[{"href":"https:\/\/www.europesays.com\/ch-fr\/wp-json\/wp\/v2\/media?parent=287518"}],"wp:term":[{"taxonomy":"category","embeddable":true,"href":"https:\/\/www.europesays.com\/ch-fr\/wp-json\/wp\/v2\/categories?post=287518"},{"taxonomy":"post_tag","embeddable":true,"href":"https:\/\/www.europesays.com\/ch-fr\/wp-json\/wp\/v2\/tags?post=287518"}],"curies":[{"name":"wp","href":"https:\/\/api.w.org\/{rel}","templated":true}]}}