{"id":287556,"date":"2026-09-02T08:42:24","date_gmt":"2026-09-02T08:42:24","guid":{"rendered":"https:\/\/www.europesays.com\/ch-fr\/287556\/"},"modified":"2026-09-02T08:42:24","modified_gmt":"2026-09-02T08:42:24","slug":"servette-comment-le-transfert-de-kadile-finance-le-mercato","status":"publish","type":"post","link":"https:\/\/www.europesays.com\/ch-fr\/287556\/","title":{"rendered":"Servette: comment le transfert de Kadile finance le mercato"},"content":{"rendered":"\n<p> Abo       \u2013   <\/p>\n<p> Avec la vente record de Kadile, Servette poursuit sa m\u00e9tamorphose <\/p>\n<p class=\"lead regular externalicon-big astro-odojtzmo\"> Au total, pr\u00e8s de 8,5\u00a0millions vont entrer dans les caisses grenat, en plusieurs fois. Une partie ira \u00e0 Almere City. Mais le reste sert d\u00e9j\u00e0.  <\/p>\n<p>   <img loading=\"lazy\" decoding=\"async\" src=\"https:\/\/www.europesays.com\/ch-fr\/wp-content\/uploads\/2026\/09\/1788338544_626_4POozJqqahq8w-L15z3Gzt.jpg\"  width=\"100\" height=\"100\"  alt=\"Daniel Visentini\" class=\"AuthorImage -content-head authorimage astro-ivm7rlur astro-uymtm5hg\" style=\"background-color:#7C7C7C\"\/>         Publi\u00e9: 31.08.2026, 15h23                            LinkedIn Lien copi\u00e9 Error occurred        Facebook Lien copi\u00e9 Error occurred        X Lien copi\u00e9 Error occurred           E-mail Lien copi\u00e9 Error occurred        Copier le lien Lien copi\u00e9 Error occurred              <\/p>\n","protected":false},"excerpt":{"rendered":"Abo \u2013 Avec la vente record de Kadile, Servette poursuit sa m\u00e9tamorphose Au total, pr\u00e8s de 8,5\u00a0millions vont&hellip;\n","protected":false},"author":2,"featured_media":287557,"comment_status":"","ping_status":"","sticky":false,"template":"","format":"standard","meta":{"footnotes":"","_share_on_mastodon":"0"},"categories":[17],"tags":[11335,170,169,1407,251,37,23,188],"class_list":["post-287556","post","type-post","status-publish","format-standard","has-post-thumbnail","category-geneve","tag-depth","tag-geneva","tag-geneve","tag-servette-fc","tag-stats-editorial-team","tag-stats-seo","tag-suisse","tag-super-league"],"share_on_mastodon":{"url":"https:\/\/pubeurope.com\/@ch_fr\/117200561702744462","error":""},"_links":{"self":[{"href":"https:\/\/www.europesays.com\/ch-fr\/wp-json\/wp\/v2\/posts\/287556","targetHints":{"allow":["GET"]}}],"collection":[{"href":"https:\/\/www.europesays.com\/ch-fr\/wp-json\/wp\/v2\/posts"}],"about":[{"href":"https:\/\/www.europesays.com\/ch-fr\/wp-json\/wp\/v2\/types\/post"}],"author":[{"embeddable":true,"href":"https:\/\/www.europesays.com\/ch-fr\/wp-json\/wp\/v2\/users\/2"}],"replies":[{"embeddable":true,"href":"https:\/\/www.europesays.com\/ch-fr\/wp-json\/wp\/v2\/comments?post=287556"}],"version-history":[{"count":0,"href":"https:\/\/www.europesays.com\/ch-fr\/wp-json\/wp\/v2\/posts\/287556\/revisions"}],"wp:featuredmedia":[{"embeddable":true,"href":"https:\/\/www.europesays.com\/ch-fr\/wp-json\/wp\/v2\/media\/287557"}],"wp:attachment":[{"href":"https:\/\/www.europesays.com\/ch-fr\/wp-json\/wp\/v2\/media?parent=287556"}],"wp:term":[{"taxonomy":"category","embeddable":true,"href":"https:\/\/www.europesays.com\/ch-fr\/wp-json\/wp\/v2\/categories?post=287556"},{"taxonomy":"post_tag","embeddable":true,"href":"https:\/\/www.europesays.com\/ch-fr\/wp-json\/wp\/v2\/tags?post=287556"}],"curies":[{"name":"wp","href":"https:\/\/api.w.org\/{rel}","templated":true}]}}