{"id":287570,"date":"2026-09-02T08:51:20","date_gmt":"2026-09-02T08:51:20","guid":{"rendered":"https:\/\/www.europesays.com\/ch-fr\/287570\/"},"modified":"2026-09-02T08:51:20","modified_gmt":"2026-09-02T08:51:20","slug":"tronchon-vainqueur-de-la-10e-etape","status":"publish","type":"post","link":"https:\/\/www.europesays.com\/ch-fr\/287570\/","title":{"rendered":"Tronchon vainqueur de la 10e \u00e9tape"},"content":{"rendered":"<p class=\"wysiwyg-h2\">Bastien Tronchon a remport\u00e9 lundi la 10e \u00e9tape du Tour d&rsquo;Espagne entre Alcaraz et Elche de la Sierra sur 184 km. Le Fran\u00e7ais de Groupama FDJ a \u00e9t\u00e9 le plus fort au sprint.<\/p>\n<p>On attendait Wout van Aert gros comme une maison et c&rsquo;est finalement le surprenant Fran\u00e7ais Bastien Tronchon qui a lev\u00e9 les bras. Enfin le coureur de Chamb\u00e9ry a mis sa main sur son casque d\u00e8s la ligne franchie l&rsquo;air de dire qu&rsquo;il ne comprenait pas ce qui venait de lui arriver. Car pour le cycliste tricolore, il s&rsquo;agit de la plus belle victoire de sa carri\u00e8re \u00e0 24 ans. En pleurs, Tronchon a mis quelques minutes \u00e0 reprendre ses esprits.<\/p>\n<p>Avec une l\u00e9g\u00e8re pente dans les trois derniers kilom\u00e8tres, mais un faux-plat descendant sur les 200 derniers m\u00e8tres, van Aert avait tout pour bien faire. Sauf que les autres formations ont tent\u00e9 de faire d\u00e9railler la Visma. L&rsquo;\u00e9quipe Q36.5 a failli r\u00e9ussir avec Walter Calzoni, puis Xabier Mikel Azparren. Au final, van Aert termine 4e derri\u00e8re Tronchon, Magnus Cort et Thibau Nys.<\/p>\n<p>Enric Mas conserve le maillot rouge de leader.<\/p>\n<p>Mercredi, le peloton aura droit \u00e0 une \u00e9tape de 153 km entre Cartagena et Lorca. L&rsquo;Alto de Aledo (3e cat\u00e9gorie) \u00e0 30 km de l&rsquo;arriv\u00e9e va-t-il faire mal aux sprinteurs? C&rsquo;est la grande question.<\/p>\n<p> \/ATS<\/p>\n","protected":false},"excerpt":{"rendered":"Bastien Tronchon a remport\u00e9 lundi la 10e \u00e9tape du Tour d&rsquo;Espagne entre Alcaraz et Elche de la Sierra&hellip;\n","protected":false},"author":2,"featured_media":287571,"comment_status":"","ping_status":"","sticky":false,"template":"","format":"standard","meta":{"footnotes":"","_share_on_mastodon":"0"},"categories":[8],"tags":[121,124,128,119,122,123,118,136,132,131,133,130,135,120,126,117,125,114,115,116,75,23,129,127,134],"class_list":["post-287570","post","type-post","status-publish","format-standard","has-post-thumbnail","category-sports","tag-ajoie","tag-animation","tag-bienne","tag-delemont","tag-franches-montagnes","tag-frequence","tag-jura","tag-jura-bernois","tag-la-chaux-de-fonds","tag-moutier","tag-neuchatel","tag-neuveville","tag-payerne","tag-porrentruy","tag-publicite","tag-radio","tag-redaction","tag-rfj","tag-rjb","tag-rtn","tag-sports","tag-suisse","tag-tavannes","tag-vallon-de-st-imier","tag-yverdon"],"share_on_mastodon":{"url":"https:\/\/pubeurope.com\/@ch_fr\/117200596867688171","error":""},"_links":{"self":[{"href":"https:\/\/www.europesays.com\/ch-fr\/wp-json\/wp\/v2\/posts\/287570","targetHints":{"allow":["GET"]}}],"collection":[{"href":"https:\/\/www.europesays.com\/ch-fr\/wp-json\/wp\/v2\/posts"}],"about":[{"href":"https:\/\/www.europesays.com\/ch-fr\/wp-json\/wp\/v2\/types\/post"}],"author":[{"embeddable":true,"href":"https:\/\/www.europesays.com\/ch-fr\/wp-json\/wp\/v2\/users\/2"}],"replies":[{"embeddable":true,"href":"https:\/\/www.europesays.com\/ch-fr\/wp-json\/wp\/v2\/comments?post=287570"}],"version-history":[{"count":0,"href":"https:\/\/www.europesays.com\/ch-fr\/wp-json\/wp\/v2\/posts\/287570\/revisions"}],"wp:featuredmedia":[{"embeddable":true,"href":"https:\/\/www.europesays.com\/ch-fr\/wp-json\/wp\/v2\/media\/287571"}],"wp:attachment":[{"href":"https:\/\/www.europesays.com\/ch-fr\/wp-json\/wp\/v2\/media?parent=287570"}],"wp:term":[{"taxonomy":"category","embeddable":true,"href":"https:\/\/www.europesays.com\/ch-fr\/wp-json\/wp\/v2\/categories?post=287570"},{"taxonomy":"post_tag","embeddable":true,"href":"https:\/\/www.europesays.com\/ch-fr\/wp-json\/wp\/v2\/tags?post=287570"}],"curies":[{"name":"wp","href":"https:\/\/api.w.org\/{rel}","templated":true}]}}