{"id":287592,"date":"2026-09-02T09:07:09","date_gmt":"2026-09-02T09:07:09","guid":{"rendered":"https:\/\/www.europesays.com\/ch-fr\/287592\/"},"modified":"2026-09-02T09:07:09","modified_gmt":"2026-09-02T09:07:09","slug":"disparition-jean-paul-rappeneau-realisateur-de-cyrano-de-bergerac-est-mort-a-94-ans","status":"publish","type":"post","link":"https:\/\/www.europesays.com\/ch-fr\/287592\/","title":{"rendered":"Disparition. Jean-Paul Rappeneau, r\u00e9alisateur de Cyrano de Bergerac, est mort \u00e0 94 ans"},"content":{"rendered":"<p>Le cin\u00e9aste Jean-Paul Rappeneau, r\u00e9alisateur multi-c\u00e9saris\u00e9 de huit longs-m\u00e9trages dont\u00a0Cyrano de Bergerac (1990), est d\u00e9c\u00e9d\u00e9 mardi \u00e0 Paris \u00e0 l&rsquo;\u00e2ge de 94 ans, a annonc\u00e9 mercredi l&rsquo;un de ses fils.<\/p>\n<p>En cinquante ans de carri\u00e8re, Jean-Paul Rappeneau a tourn\u00e9 avec les plus grands com\u00e9diens, de Yves Montand (Le Sauvage) \u00e0 Catherine Deneuve (La vie de ch\u00e2teau), en passant par G\u00e9rard Depardieu ou Isabelle Adjani (Tout feu tout flamme).<\/p>\n<p>Plus d&rsquo;informations \u00e0 suivre&#8230;<\/p>\n","protected":false},"excerpt":{"rendered":"Le cin\u00e9aste Jean-Paul Rappeneau, r\u00e9alisateur multi-c\u00e9saris\u00e9 de huit longs-m\u00e9trages dont\u00a0Cyrano de Bergerac (1990), est d\u00e9c\u00e9d\u00e9 mardi \u00e0 Paris&hellip;\n","protected":false},"author":2,"featured_media":287593,"comment_status":"","ping_status":"","sticky":false,"template":"","format":"standard","meta":{"footnotes":"","_share_on_mastodon":"0"},"categories":[10],"tags":[384,663,113,112,297,91,1770,23],"class_list":["post-287592","post","type-post","status-publish","format-standard","has-post-thumbnail","category-divertissement","tag-cinema","tag-culture-loisirs","tag-divertissement","tag-entertainment","tag-fil-info","tag-france-monde","tag-necrologie","tag-suisse"],"share_on_mastodon":{"url":"https:\/\/pubeurope.com\/@ch_fr\/117200660224091571","error":""},"_links":{"self":[{"href":"https:\/\/www.europesays.com\/ch-fr\/wp-json\/wp\/v2\/posts\/287592","targetHints":{"allow":["GET"]}}],"collection":[{"href":"https:\/\/www.europesays.com\/ch-fr\/wp-json\/wp\/v2\/posts"}],"about":[{"href":"https:\/\/www.europesays.com\/ch-fr\/wp-json\/wp\/v2\/types\/post"}],"author":[{"embeddable":true,"href":"https:\/\/www.europesays.com\/ch-fr\/wp-json\/wp\/v2\/users\/2"}],"replies":[{"embeddable":true,"href":"https:\/\/www.europesays.com\/ch-fr\/wp-json\/wp\/v2\/comments?post=287592"}],"version-history":[{"count":0,"href":"https:\/\/www.europesays.com\/ch-fr\/wp-json\/wp\/v2\/posts\/287592\/revisions"}],"wp:featuredmedia":[{"embeddable":true,"href":"https:\/\/www.europesays.com\/ch-fr\/wp-json\/wp\/v2\/media\/287593"}],"wp:attachment":[{"href":"https:\/\/www.europesays.com\/ch-fr\/wp-json\/wp\/v2\/media?parent=287592"}],"wp:term":[{"taxonomy":"category","embeddable":true,"href":"https:\/\/www.europesays.com\/ch-fr\/wp-json\/wp\/v2\/categories?post=287592"},{"taxonomy":"post_tag","embeddable":true,"href":"https:\/\/www.europesays.com\/ch-fr\/wp-json\/wp\/v2\/tags?post=287592"}],"curies":[{"name":"wp","href":"https:\/\/api.w.org\/{rel}","templated":true}]}}