{"id":287598,"date":"2026-09-02T09:10:15","date_gmt":"2026-09-02T09:10:15","guid":{"rendered":"https:\/\/www.europesays.com\/ch-fr\/287598\/"},"modified":"2026-09-02T09:10:15","modified_gmt":"2026-09-02T09:10:15","slug":"lunettes-connectees-la-nouvelle-menace-pour-notre-vie-privee-est-elle-deja-sur-notre-nez","status":"publish","type":"post","link":"https:\/\/www.europesays.com\/ch-fr\/287598\/","title":{"rendered":"Lunettes connect\u00e9es\u00a0: la nouvelle menace pour notre vie priv\u00e9e est-elle d\u00e9j\u00e0 sur notre nez\u00a0?"},"content":{"rendered":"<p class=\"app_entry_lead\">Les lunettes connect\u00e9es s&rsquo;installent petit \u00e0 petit dans notre quotidien, avec leur lot de fonctions pratiques\u2026 et de menaces pour la vie priv\u00e9e. Entre cam\u00e9ras discr\u00e8tes, reconnaissance faciale et diffusion en ligne, c&rsquo;est \u00e0 ne plus savoir o\u00f9 donner de la t\u00eate\u00a0!<\/p>\n<p>            Je m&rsquo;abonne aux Infos \u00e0 ne pas rater<\/p>\n<p>Sommaire<\/p>\n<p>Apr\u00e8s les smartphones, les tablettes, les \u00e9couteurs sans fil, les montres et m\u00eame les bagues connect\u00e9es, un nouvel objet technologique prend petit \u00e0 petit place dans notre quotidien : les lunettes connect\u00e9es, \u00e9galement appel\u00e9es lunettes intelligentes. Apr\u00e8s quelques ann\u00e9es de t\u00e2tonnement, plusieurs acteurs du secteur misent d\u00e9sormais sur ce format, \u00e0 l&rsquo;instar de <a href=\"https:\/\/www.commentcamarche.net\/applis-sites\/reseaux-sociaux\/1777-meta-un-nouveau-nom-pour-facebook\/\" target=\"_blank\" title=\"Meta Facebook\" rel=\"nofollow noopener\">Meta<\/a><a href=\"https:\/\/www.commentcamarche.net\/maison\/objets-connectes\/35751-meta-devoile-ses-nouvelles-lunettes-connectees-dont-une-avec-un-ecran-integre\/\" target=\"_blank\" rel=\"nofollow noopener\"> avec ses lunettes Ray-Ban<\/a>, de Xiaomi et ses AI Glasses, d&rsquo;Alibaba avec les Quark AI, mais aussi d&rsquo;enseignes fran\u00e7aises comme Alain Afflelou avec les Magic Connect ou Krys avec <a href=\"https:\/\/www.commentcamarche.net\/mobile\/accessoires\/38561-test-krys-signature-des-lunettes-connectees-a-l-usage-trop-limite\/\" target=\"_blank\" rel=\"nofollow noopener\">les Smart Signature Krys<\/a>. Et, ces nouveaux accessoires \u00e9lectroniques, qui ressemblent \u00e0 des gadgets pour James Bond ou Iron Man, atterrissent aujourd&rsquo;hui sur le nez de\u00a0monsieur et madame Tout-le-Monde.<\/p>\n<p>Reconnaissance vocale, traduction instantan\u00e9e, lecture d&rsquo;un document en langage naturel, assistance par intelligence artificielle\u2026\u00a0Ces lunettes promettent de faire entrer le num\u00e9rique directement dans notre champ de vision et de simplifier de nombreuses t\u00e2ches du quotidien.<\/p>\n<p>Mais elles embarquent surtout des cam\u00e9ras et des microphones capables de capter discr\u00e8tement l&rsquo;environnement de leur porteur. Autrement dit, une personne peut potentiellement filmer, photographier ou diffuser en direct ce qu&rsquo;elle regarde sans m\u00eame sortir son smartphone. Une \u00e9volution technologique qui pose question : que devient notre vie priv\u00e9e lorsque la cam\u00e9ra n&rsquo;est plus dans la main de celui qui filme, mais directement dans le regard ? Du r\u00eave technologique \u00e0 la dystopie, il n&rsquo;y a qu&rsquo;un pas\u2026<\/p>\n<p>Lunettes connect\u00e9es\u00a0: une menace invisible qui envahit l&rsquo;espace public et le\u00a0Web<\/p>\n<p>\u00c0 premi\u00e8re vue \u2013 excusez le jeu de mots\u00a0\u2013,\u00a0les lunettes connect\u00e9es ressemblent \u00e0 des lunettes tout ce qu&rsquo;il y a de plus classique, sauf qu&rsquo;elles embarquent une v\u00e9ritable panoplie de technologies\u00a0: cam\u00e9ra, microphones, haut-parleurs et parfois m\u00eame une intelligence artificielle. Et justement,\u00a0gr\u00e2ce aux petites cam\u00e9ras int\u00e9gr\u00e9es discr\u00e8tement dans la monture, l&rsquo;utilisateur est capable de filmer tout ce qu&rsquo;il voit sans avoir \u00e0 sortir son smartphone, simplement en regardant autour de lui.\u00a0Une fonction pratique, mais qui soul\u00e8ve forc\u00e9ment d&rsquo;importantes questions en mati\u00e8re de vie priv\u00e9e.<\/p>\n<p>La Commission nationale de l&rsquo;informatique et des libert\u00e9s (CNIL) elle-m\u00eame estime que les lunettes connect\u00e9es\u00a0\u00ab\u00a0pr\u00e9sentent des risques majeurs pour la vie priv\u00e9e\u00a0\u00bb \u00ab\u00a0par leur capacit\u00e9 \u00e0 capter, traiter et interpr\u00e9ter des donn\u00e9es en temps r\u00e9el, sans que les personnes autour en aient n\u00e9cessairement conscience\u00a0\u00bb.\u00a0Et, comme toujours avec ce type de technologie, les d\u00e9rives ont rapidement point\u00e9 le bout de leur nez.\u00a0<\/p>\n<p>Une fois de plus, les femmes se retrouvent en premi\u00e8re ligne, pouvant continuellement\u00a0d&rsquo;\u00eatre film\u00e9es sans consentement, que ce soit dans la rue ou dans leur intimit\u00e9, avec le risque que ces vid\u00e9os soient publi\u00e9es sur Internet. Et les exemples ne manquent pas ! En ao\u00fbt 2026, <a href=\"https:\/\/www.404media.co\/meta-ray-ban-smart-glasses-pov-instagram-pickup-artists\/\" target=\"_blank\" rel=\"nofollow noopener\">des chercheurs de l&rsquo;universit\u00e9 de Sydney<\/a> ont d\u00e9montr\u00e9, en s&rsquo;appuyant sur des centaines de vid\u00e9os, comment la communaut\u00e9 des influenceurs dits\u00a0pick up artist (PUA) utilisait les lunettes de Meta pour \u00ab\u00a0entretenir une culture du harc\u00e8lement\u00a0\u00bb misogyne\u00a0sur Instagram et TikTok, certaines vid\u00e9os comptabilisant des millions de vues. On y voit notamment des hommes essayer diverses phrases d&rsquo;accroche pour draguer la gent f\u00e9minine en pleine rue.<\/p>\n<p>D&rsquo;ailleurs, Meta a beau indiquer qu&rsquo;il a supprim\u00e9 des milliers de contenus de ce type et qu&rsquo;il refuse que \u00ab\u00a0des personnes filment d&rsquo;autres personnes en cachette, les harc\u00e8lent, puis publient ces vid\u00e9os sur notre plateforme\u00a0\u00bb,\u00a0ces vid\u00e9os circulent toujours un mois et demi apr\u00e8s ces d\u00e9clarations, comme le rapporte <a href=\"https:\/\/www.businessinsider.com\/instagram-crackdown-meta-ai-glasses-pickup-rizz-videos-moderation-challenges-2026-8\" target=\"_blank\" rel=\"nofollow noopener\">Business Insider<\/a>.<\/p>\n<p>Les constructeurs comme Meta ont beau avoir pris soin d&rsquo;int\u00e9grer une petite Led qui s&rsquo;allume lorsque les lunettes sont en train de filmer, cette derni\u00e8re passe la plupart du temps inaper\u00e7ue,\u00a0surtout dehors en plein jour. Pour les plus discrets, il suffit de se rendre sur Amazon, qui\u00a0vend pl\u00e9thore de \u00ab\u00a0caches de confidentialit\u00e9\u00a0\u00bb sur-mesure. L&rsquo;entreprise a bien tent\u00e9 de rajouter un garde-fou, en faisant en sorte que\u00a0la cam\u00e9ra se coupe si le voyant semble trafiqu\u00e9, mais on trouve facilement des tutoriels pour masquer la diode\u00a0\u2013 des techniciens la retirent carr\u00e9ment moyennant paiement.<\/p>\n<p><a class=\"fancy\" href=\"https:\/\/img-19.commentcamarche.net\/Mov9rF_IxL2oVWeZm209WQZLHow=\/1080x\/smart\/fa9ba58c4992431aa2b8c6f61ab7e71f\/ccmcms-commentcamarche\/39508871.png\" rel=\"nofollow noopener\" target=\"_blank\"><img decoding=\"async\" alt=\"\" src=\"https:\/\/www.europesays.com\/ch-fr\/wp-content\/uploads\/2026\/09\/39508871.png\"\/><\/a><\/p>\n<p>Il faut vraiment se rendre compte de l&rsquo;impact social de ces appareils sur les femmes,\u00a0d\u00e9sormais contraintes d&rsquo;int\u00e9grer cette nouvelle menace \u00e0 leur perception de l&rsquo;espace public et de renforcer encore plus leur niveau de vigilance permanent. Car cela\u00a0peut aller tr\u00e8s loin, bien plus loin que de la simple drague ou du harc\u00e8lement de rue. Parfois, cela peut v\u00e9ritablement se transformer en extorsion ou mettre en danger les personnes film\u00e9es.\u00a0Au Royaume-Uni par exemple, <a href=\"https:\/\/www.bbc.com\/news\/articles\/c9wxx97jlveo\" rel=\"noopener nofollow\" target=\"_blank\">la BBC a r\u00e9v\u00e9l\u00e9<\/a>\u00a0que des hommes filmaient des femmes de nuit avant de diffuser leurs donn\u00e9es pour qu&rsquo;elles se fassent harceler.<\/p>\n<p>Reconnaissance faciale et lunettes connect\u00e9es : une dangereuse association<\/p>\n<p>Bien \u00e9videmment, ces comportements n&rsquo;ont pas attendu l&rsquo;arriv\u00e9e des lunettes connect\u00e9es pour exister. Mais ces appareils participent \u00e0 cr\u00e9er et \u00e0 renforcer une\u00a0atmosph\u00e8re socialement toxique, savamment entretenue depuis des dizaines d&rsquo;ann\u00e9es par les r\u00e9seaux sociaux. Et, si on ajoute l&rsquo;IA g\u00e9n\u00e9rative \u00e0 l&rsquo;\u00e9quation, on a vite fait de basculer dans une v\u00e9ritable dystopie.<\/p>\n<p>En 2024, deux \u00e9tudiants de Harvard ont d\u00e9montr\u00e9 qu&rsquo;il \u00e9tait possible de coupler les Meta Ray-Ban \u00e0 un syst\u00e8me de reconnaissance faciale externe permettant d&rsquo;identifier automatiquement des gens dans la rue (voir <a href=\"https:\/\/www.commentcamarche.net\/informatique\/intelligence-artificielle\/32655-lunettes-ray-ban\/\" target=\"_blank\" rel=\"nofollow noopener\">notre article<\/a>).\u00a0Gr\u00e2ce \u00e0 ce syst\u00e8me,\u00a0ils ont r\u00e9ussi \u00e0 trouver le nom, le num\u00e9ro de t\u00e9l\u00e9phone, l&rsquo;adresse ou encore le nom des proches de nombreuses personnes crois\u00e9es dans la rue. Et gr\u00e2ce aux renseignements rassembl\u00e9s en quelques secondes, ils ont \u00e9t\u00e9 capables de les accoster et de faire comme s&rsquo;ils les connaissaient. Bref, ils ont cr\u00e9\u00e9 une v\u00e9ritable machine \u00e0\u00a0doxxing \u2013 le fait de r\u00e9v\u00e9ler l&rsquo;identit\u00e9 de personnes, leur lieu de travail ou leur domicile sans leur consentement, ce qui peut parfois d\u00e9boucher sur du harc\u00e8lement, des cambriolages ou des agressions.<\/p>\n<p><a class=\"fancy\" href=\"https:\/\/img-19.commentcamarche.net\/pC69BYkqy9MYe8aZVMm8L45OAZY=\/1080x\/smart\/6b78d154864248ba8948cfb756da14f5\/ccmcms-commentcamarche\/39508872.jpeg\" rel=\"nofollow noopener\" target=\"_blank\"><img decoding=\"async\" alt=\"\" src=\"https:\/\/www.europesays.com\/ch-fr\/wp-content\/uploads\/2026\/09\/39508872.jpeg\"\/><\/a><\/p>\n<p>L&rsquo;exp\u00e9rience de 2024 \u00a9\u00a0 AnhPhu Nguyen et Caine Ardayfio<\/p>\n<p>Ce qui n&rsquo;\u00e9tait qu&rsquo;une simple exp\u00e9rience a pourtant failli se transformer en r\u00e9alit\u00e9 \u00e0 peine deux ans apr\u00e8s. En effet, en juin dernier, une enqu\u00eate du magazine am\u00e9ricain Wired r\u00e9v\u00e9lait que\u00a0<a href=\"https:\/\/www.commentcamarche.net\/maison\/objets-connectes\/38229-meta-lunettes-connectees-et-reconnaissance-faciale\/\" target=\"_blank\" rel=\"nofollow noopener\">Meta exp\u00e9rimentait la reconnaissance faciale<\/a> pour ses lunettes connect\u00e9es avec son appli Meta AI. Si la fonction n&rsquo;\u00e9tait pas encore active, son code se trouvait bel et bien dans l&rsquo;application. Bien \u00e9videmment, l&rsquo;entreprise l&rsquo;a rapidement supprim\u00e9, affirmant\u00a0qu&rsquo;il s&rsquo;agissait d&rsquo;une phase d&rsquo;exp\u00e9rimentation et qu&rsquo;aucun d\u00e9ploiement aupr\u00e8s des utilisateurs n&rsquo;est pr\u00e9vu. Sauf que,\u00a0si la fonction est bien explor\u00e9e, c&rsquo;est pour \u00eatre activ\u00e9e un jour\u00a0\u2013 une firme ne fait jamais rien gratuitement. Et plusieurs brevets d\u00e9pos\u00e9s vont bel et bien en ce sens.<\/p>\n<p>Lunettes connect\u00e9es dans l&rsquo;espace public : une l\u00e9gislation appel\u00e9e \u00e0 \u00e9voluer<\/p>\n<p>Finalement, c&rsquo;est la CNIL\u00a0qui r\u00e9sume le mieux les enjeux de l&rsquo;introduction de ce nouvel appareil technique dans l&rsquo;espace public\u00a0: \u00ab\u00a0Les lunettes connect\u00e9es ne sont pas de simples outils technologiques. (\u2026) [Leur] essor pourrait engendrer un important risque de surveillance g\u00e9n\u00e9ralis\u00e9e et une forme de banalisation de celle-ci (\u2026) Cette mutation, d&rsquo;une surveillance fixe, signal\u00e9e et encadr\u00e9e (que nous connaissons tous et sommes capables d&rsquo;identifier) \u00e0 une surveillance mobile, quasi invisible et omnipr\u00e9sente, pourrait induire une transformation profonde de nos soci\u00e9t\u00e9s.\u00a0\u00bb\u00a0<\/p>\n<p>Une coalition de plus de 70\u00a0organisations a d&rsquo;ores et d\u00e9j\u00e0 demand\u00e9\u00a0\u00e0 Meta d&rsquo;abandonner\u00a0purement et simplement son projet de reconnaissance faciale, jugeant \u00e0 raison que la fonction pr\u00e9vue par le g\u00e9ant am\u00e9ricain pourrait \u00eatre utilis\u00e9e par des pr\u00e9dateurs sexuels, des harceleurs et d&rsquo;autres personnes malintentionn\u00e9es. Mais alors, que font les autorit\u00e9s ?<\/p>\n<p>Le Parlement de l&rsquo;Illinois a adopt\u00e9 en juin dernier un texte visant \u00e0\u00a0interdire explicitement le port de lunettes \u00e0 <a href=\"https:\/\/www.commentcamarche.net\/intelligence-artificielle\/\" target=\"_blank\" title=\"IA\" rel=\"nofollow noopener\">intelligence artificielle<\/a> lors de la conduite automobile\u00a0: une premi\u00e8re qui en dit long sur les d\u00e9rives d\u00e9j\u00e0 observ\u00e9es dans l&rsquo;utilisation de ces nouveaux accessoires \u00e9lectroniques.\u00a0Le gouvernement norv\u00e9gien a, lui, annonc\u00e9 le 25\u00a0ao\u00fbt 2026\u00a0vouloir durcir leur r\u00e9glementation et envisage notamment d&rsquo;interdire certaines fonctions, comme la reconnaissance faciale de personnes dans les lieux publics. Une commission d&rsquo;experts doit \u00eatre constitu\u00e9e pour r\u00e9fl\u00e9chir aux mesures \u00e0 prendre.<\/p>\n<p><a class=\"fancy\" href=\"https:\/\/img-19.commentcamarche.net\/geaj1FTvjxpP1SAvMBBzoCEiHLI=\/1080x\/smart\/1ec42f09e4a4435c8e7fe17d58c9e065\/ccmcms-commentcamarche\/39508873.jpeg\" rel=\"nofollow noopener\" target=\"_blank\"><img decoding=\"async\" alt=\"\" src=\"https:\/\/www.europesays.com\/ch-fr\/wp-content\/uploads\/2026\/09\/39508873.jpeg\"\/><\/a><\/p>\n<p>Ray-Ban Display \u00a9\u00a0Meta<\/p>\n<p>En France, <a href=\"https:\/\/www.commentcamarche.net\/securite\/confidentialite\/37893-la-cnil-alerte-sur-le-danger-des-lunettes-connectees\/\" target=\"_blank\" rel=\"nofollow noopener\">la CNIL a lanc\u00e9 son propre plan d&rsquo;action<\/a> afin d&rsquo;\u00e9valuer les cons\u00e9quences de ces nouvelles technologies sur les libert\u00e9s individuelles, et\u00a0souhaite engager des discussions avec ses homologues europ\u00e9ens au sein du Comit\u00e9 europ\u00e9en de la protection des donn\u00e9es.\u00a0Les r\u00e9gulateurs pourraient notamment r\u00e9fl\u00e9chir aux obligations impos\u00e9es aux fabricants\u00a0: meilleure information des utilisateurs, dispositifs de signalement plus visibles, limitation de certaines fonctions, etc.<\/p>\n<p>Reste que,\u00a0au vu des tensions politiques croissantes avec Washington et les GAFAM, le Vieux Continent risque de ne pas voir le d\u00e9veloppement de la reconnaissance faciale et des lunettes connect\u00e9es d&rsquo;un bon \u0153il, alors que la question de la souverainet\u00e9 num\u00e9rique et de la protection de nos donn\u00e9es personnelles sensibles est plus que jamais au c\u0153ur du d\u00e9bat public.\u00a0<\/p>\n<p>Rappelons quel, en France, les utilisateurs de lunettes connect\u00e9es restent \u00e9videmment soumis au droit \u00e0 la vie priv\u00e9e et au droit \u00e0 l&rsquo;image. L&rsquo;article 226-1\u00a0du Code p\u00e9nal punit notamment d&rsquo;un an d&#8217;emprisonnement et de 45\u00a0000\u00a0euros d&rsquo;amende le fait de fixer, enregistrer ou transmettre sans son consentement l&rsquo;image d&rsquo;une personne se trouvant dans un lieu priv\u00e9, lorsqu&rsquo;il est port\u00e9 atteinte \u00e0 son intimit\u00e9.<\/p>\n","protected":false},"excerpt":{"rendered":"Les lunettes connect\u00e9es s&rsquo;installent petit \u00e0 petit dans notre quotidien, avec leur lot de fonctions pratiques\u2026 et de&hellip;\n","protected":false},"author":2,"featured_media":287599,"comment_status":"","ping_status":"","sticky":false,"template":"","format":"standard","meta":{"footnotes":"","_share_on_mastodon":"0"},"categories":[7],"tags":[799,62515,203,205,162,323,4347,3927,208,7909,61,57,59,58,23,60,62,1448],"class_list":["post-287598","post","type-post","status-publish","format-standard","has-post-thumbnail","category-sciences-et-technologies","tag-amazon","tag-cms-commentcamarche-38757","tag-controller-content","tag-format-papier","tag-instagram","tag-intelligence-artificielle","tag-meta","tag-objets-connectes","tag-parallaxeinfeed","tag-reconnaissance-faciale","tag-science","tag-science-and-technology","tag-sciences","tag-sciences-et-technologies","tag-suisse","tag-technologies","tag-technology","tag-tiktok"],"share_on_mastodon":{"url":"https:\/\/pubeurope.com\/@ch_fr\/117200672127479101","error":""},"_links":{"self":[{"href":"https:\/\/www.europesays.com\/ch-fr\/wp-json\/wp\/v2\/posts\/287598","targetHints":{"allow":["GET"]}}],"collection":[{"href":"https:\/\/www.europesays.com\/ch-fr\/wp-json\/wp\/v2\/posts"}],"about":[{"href":"https:\/\/www.europesays.com\/ch-fr\/wp-json\/wp\/v2\/types\/post"}],"author":[{"embeddable":true,"href":"https:\/\/www.europesays.com\/ch-fr\/wp-json\/wp\/v2\/users\/2"}],"replies":[{"embeddable":true,"href":"https:\/\/www.europesays.com\/ch-fr\/wp-json\/wp\/v2\/comments?post=287598"}],"version-history":[{"count":0,"href":"https:\/\/www.europesays.com\/ch-fr\/wp-json\/wp\/v2\/posts\/287598\/revisions"}],"wp:featuredmedia":[{"embeddable":true,"href":"https:\/\/www.europesays.com\/ch-fr\/wp-json\/wp\/v2\/media\/287599"}],"wp:attachment":[{"href":"https:\/\/www.europesays.com\/ch-fr\/wp-json\/wp\/v2\/media?parent=287598"}],"wp:term":[{"taxonomy":"category","embeddable":true,"href":"https:\/\/www.europesays.com\/ch-fr\/wp-json\/wp\/v2\/categories?post=287598"},{"taxonomy":"post_tag","embeddable":true,"href":"https:\/\/www.europesays.com\/ch-fr\/wp-json\/wp\/v2\/tags?post=287598"}],"curies":[{"name":"wp","href":"https:\/\/api.w.org\/{rel}","templated":true}]}}