{"id":287600,"date":"2026-09-02T09:11:12","date_gmt":"2026-09-02T09:11:12","guid":{"rendered":"https:\/\/www.europesays.com\/ch-fr\/287600\/"},"modified":"2026-09-02T09:11:12","modified_gmt":"2026-09-02T09:11:12","slug":"alpiq-a-pu-renforcer-sa-strategie-de-diversification-au-premier-semestre","status":"publish","type":"post","link":"https:\/\/www.europesays.com\/ch-fr\/287600\/","title":{"rendered":"Alpiq a pu renforcer sa strat\u00e9gie de diversification au premier semestre"},"content":{"rendered":"<p>\n                Teaserbild-Quelle: Alpiq\n            <\/p>\n<p>Acteur<br \/>\n\u00e9nerg\u00e9tique de tout premier plan en Suisse et \u00e0 l\u2019\u00e9tranger, le groupe bas\u00e9 \u00e0 Lausanne<br \/>\ninvestit toujours plus dans la production d\u2019\u00e9lectricit\u00e9 d\u2019origine renouvelable.<br \/>\nIl franchit notamment un nouveau pas dans le domaine de l\u2019hydraulique, avec sa centrale<br \/>\nde Niederg\u00f6sgen. <\/p>\n<p>        <img decoding=\"async\" src=\"https:\/\/www.europesays.com\/ch-fr\/wp-content\/uploads\/2026\/09\/25446_1.jpg\" alt=\"Centrale Goesgen Alpiq\" class=\"img-responsive\"\/><\/p>\n<p class=\"font-size-14 mt-2 mb-0\">Cr\u00e9dit image: Alpiq<\/p>\n<p class=\"font-size-14 mb-4\">Malgr\u00e9 la s\u00e9cheresse, le secteur hydraulique poss\u00e8de encore un potentiel de d\u00e9veloppement prometteur en Suisse, affirme le groupe lausannois.<\/p>\n<p>Les<br \/>\nr\u00e9ponses aux fluctuations du march\u00e9 de l\u2019\u00e9lectricit\u00e9 r\u00e9sident dans la<br \/>\ndiversification des activit\u00e9s du groupe industriel Alpiq, bas\u00e9 \u00e0 Lausanne. Ce dernier<br \/>\nest donc actif en Suisse et \u00e0 l\u2019\u00e9tranger pour construire bon nombre de projets \u00e9nerg\u00e9tiques<br \/>\nrenouvelables, et pour s\u2019engager \u00e9galement \u00e0 la probl\u00e9matique de stockage par<br \/>\nbatterie. Les r\u00e9sultats financiers de la fin du premier semestre confirment cette<br \/>\nstrat\u00e9gie, indique le groupe dans un communiqu\u00e9.<\/p>\n<p>Coup de mou en 2025<br \/>La confirmation de l\u2019essor du groupe n\u2019est pas all\u00e9e sans accroc l\u2019an dernier.<br \/>\nL\u2019arr\u00eat temporaire de la centrale nucl\u00e9aire de Goesgen, des conditions<br \/>\nhydrologiques partuli\u00e8rement s\u00e8ches et la baisse des prix de l\u2019\u00e9lectricit\u00e9 sont<br \/>\nvenues plomber quelque peu le r\u00e9sultat op\u00e9rationnel. Mais le groupe r\u00e9pond avec<br \/>\nses armes et son potentiel. Il a notamment acquis pr\u00e8s de la totalit\u00e9 du<br \/>\ncapital dans une soci\u00e9t\u00e9 fran\u00e7aise de stockage en juillet dernier. <\/p>\n<p>Un<br \/>\nfloril\u00e8ge de projets<br \/>Alpiq est pr\u00e9sent en Suisse dans une multitude de projets susceptibles \u00e0<br \/>\ngarantir un approvisionnement \u00e9nerg\u00e9tique de qualit\u00e9. Notamment dans le domaine<br \/>\nde l\u2019hydraulique, avec l\u2019obtention de la capacit\u00e9 de raccordement de sa centrale<br \/>\nau fil de l\u2019Aar de Niederg\u00f6sgen. Sa pr\u00e9sence dans des projets de nouveaux parcs<br \/>\n\u00e9oliens ou photovolta\u00efques affirme aussi sa volont\u00e9 de poursuivre la production<br \/>\nde courant \u00e9cologique et renouvelable. Ce dynamisme se retrouve dans de nombreux<br \/>\ninvestissements internationaux, dans l\u2019Union europ\u00e9enne et au Royaume-Uni. \u00a0<\/p>\n<p>\u00a0<\/p>\n","protected":false},"excerpt":{"rendered":"Teaserbild-Quelle: Alpiq Acteur \u00e9nerg\u00e9tique de tout premier plan en Suisse et \u00e0 l\u2019\u00e9tranger, le groupe bas\u00e9 \u00e0 Lausanne&hellip;\n","protected":false},"author":2,"featured_media":287601,"comment_status":"","ping_status":"","sticky":false,"template":"","format":"standard","meta":{"footnotes":"","_share_on_mastodon":"0"},"categories":[6],"tags":[45,4750,44,43,7752,707,355,32293,1163,4751,7751,4747,9429,4749,23,325],"class_list":["post-287600","post","type-post","status-publish","format-standard","has-post-thumbnail","category-economie","tag-business","tag-developpement","tag-economie","tag-economy","tag-energie-hydraulique","tag-energie-solaire","tag-environnement","tag-eolien","tag-gef_news","tag-previsions","tag-projets","tag-rub_economie","tag-societes","tag-statistiques-economiques","tag-suisse","tag-vaud"],"share_on_mastodon":{"url":"https:\/\/pubeurope.com\/@ch_fr\/117200675451834218","error":""},"_links":{"self":[{"href":"https:\/\/www.europesays.com\/ch-fr\/wp-json\/wp\/v2\/posts\/287600","targetHints":{"allow":["GET"]}}],"collection":[{"href":"https:\/\/www.europesays.com\/ch-fr\/wp-json\/wp\/v2\/posts"}],"about":[{"href":"https:\/\/www.europesays.com\/ch-fr\/wp-json\/wp\/v2\/types\/post"}],"author":[{"embeddable":true,"href":"https:\/\/www.europesays.com\/ch-fr\/wp-json\/wp\/v2\/users\/2"}],"replies":[{"embeddable":true,"href":"https:\/\/www.europesays.com\/ch-fr\/wp-json\/wp\/v2\/comments?post=287600"}],"version-history":[{"count":0,"href":"https:\/\/www.europesays.com\/ch-fr\/wp-json\/wp\/v2\/posts\/287600\/revisions"}],"wp:featuredmedia":[{"embeddable":true,"href":"https:\/\/www.europesays.com\/ch-fr\/wp-json\/wp\/v2\/media\/287601"}],"wp:attachment":[{"href":"https:\/\/www.europesays.com\/ch-fr\/wp-json\/wp\/v2\/media?parent=287600"}],"wp:term":[{"taxonomy":"category","embeddable":true,"href":"https:\/\/www.europesays.com\/ch-fr\/wp-json\/wp\/v2\/categories?post=287600"},{"taxonomy":"post_tag","embeddable":true,"href":"https:\/\/www.europesays.com\/ch-fr\/wp-json\/wp\/v2\/tags?post=287600"}],"curies":[{"name":"wp","href":"https:\/\/api.w.org\/{rel}","templated":true}]}}