{"id":287722,"date":"2026-09-02T10:27:10","date_gmt":"2026-09-02T10:27:10","guid":{"rendered":"https:\/\/www.europesays.com\/ch-fr\/287722\/"},"modified":"2026-09-02T10:27:10","modified_gmt":"2026-09-02T10:27:10","slug":"le-vote-electronique-pourra-bien-etre-reintroduit-dans-le-canton","status":"publish","type":"post","link":"https:\/\/www.europesays.com\/ch-fr\/287722\/","title":{"rendered":"Le vote \u00e9lectronique pourra bien \u00eatre r\u00e9introduit dans le canton"},"content":{"rendered":"<p>L\u2019autorisation \u00e9tait attendue : le Conseil f\u00e9d\u00e9ral a autoris\u00e9 le retour du vote \u00e9lectronique dans le canton de Neuch\u00e2tel, apr\u00e8s plusieurs ann\u00e9es d\u2019interruption. L&rsquo;\u00c9tat avait \u00e9t\u00e9 pionnier, en proposant cette solution d\u00e8s 2005 et jusqu\u2019en 2019. D\u00e8s le scrutin du dimanche 29 novembre 2026, les citoyennes et citoyens inscrits pourront \u00e0 nouveau d\u00e9poser leur bulletin par voie num\u00e9rique. Les autres pourront toujours le faire par correspondance ou dans l\u2019urne d\u2019un bureau de vote.<\/p>\n<p>Cadre juridique renforc\u00e9<\/p>\n<p>L\u2019autorisation g\u00e9n\u00e9rale accord\u00e9e par le Conseil f\u00e9d\u00e9ral est valable deux ans, jusqu\u2019en novembre 2028. Chaque mise en \u0153uvre du vote \u00e9lectronique restera soumise \u00e0 un agr\u00e9ment sp\u00e9cifique de la Chancellerie f\u00e9d\u00e9rale.<\/p>\n<p>Le syst\u00e8me, d\u00e9j\u00e0 en place dans plusieurs autres cantons, a \u00e9t\u00e9 d\u00e9velopp\u00e9 par La Poste Suisse. Les bases l\u00e9gales cantonales ont \u00e9t\u00e9 r\u00e9vis\u00e9es pour permettre cette r\u00e9introduction et sont entr\u00e9es en vigueur le 1er juin.<\/p>\n<p>Tous les citoyens neuch\u00e2telois ont la possibilit\u00e9 de s\u2019inscrire sur la plateforme de vote \u00e9lectronique, y compris les personnes titulaires d\u2019un permis C ainsi que les Suisses de l\u2019\u00e9tranger. L\u2019inscription doit \u00eatre faite via le Guichet unique. Pour l\u2019heure, pr\u00e8s de 17&rsquo;500 \u00e9lecteurs neuch\u00e2telois sont d\u00e9j\u00e0 inscrits au vote \u00e9lectronique.<\/p>\n<p>Toutes les informations sont \u00e0 retrouver sur <a href=\"http:\/\/www.ne.ch\/vote\" target=\"_blank\" rel=\"nofollow noopener\">www.ne.ch\/vote<\/a>. \/comm-bla<\/p>\n","protected":false},"excerpt":{"rendered":"L\u2019autorisation \u00e9tait attendue : le Conseil f\u00e9d\u00e9ral a autoris\u00e9 le retour du vote \u00e9lectronique dans le canton de&hellip;\n","protected":false},"author":2,"featured_media":287723,"comment_status":"","ping_status":"","sticky":false,"template":"","format":"standard","meta":{"footnotes":"","_share_on_mastodon":"0"},"categories":[4],"tags":[22,121,124,128,119,122,123,118,136,132,131,133,130,21,135,120,126,117,125,114,115,116,23,129,127,134],"class_list":["post-287722","post","type-post","status-publish","format-standard","has-post-thumbnail","category-actualites","tag-actualites","tag-ajoie","tag-animation","tag-bienne","tag-delemont","tag-franches-montagnes","tag-frequence","tag-jura","tag-jura-bernois","tag-la-chaux-de-fonds","tag-moutier","tag-neuchatel","tag-neuveville","tag-news","tag-payerne","tag-porrentruy","tag-publicite","tag-radio","tag-redaction","tag-rfj","tag-rjb","tag-rtn","tag-suisse","tag-tavannes","tag-vallon-de-st-imier","tag-yverdon"],"share_on_mastodon":{"url":"https:\/\/pubeurope.com\/@ch_fr\/117200974509066938","error":""},"_links":{"self":[{"href":"https:\/\/www.europesays.com\/ch-fr\/wp-json\/wp\/v2\/posts\/287722","targetHints":{"allow":["GET"]}}],"collection":[{"href":"https:\/\/www.europesays.com\/ch-fr\/wp-json\/wp\/v2\/posts"}],"about":[{"href":"https:\/\/www.europesays.com\/ch-fr\/wp-json\/wp\/v2\/types\/post"}],"author":[{"embeddable":true,"href":"https:\/\/www.europesays.com\/ch-fr\/wp-json\/wp\/v2\/users\/2"}],"replies":[{"embeddable":true,"href":"https:\/\/www.europesays.com\/ch-fr\/wp-json\/wp\/v2\/comments?post=287722"}],"version-history":[{"count":0,"href":"https:\/\/www.europesays.com\/ch-fr\/wp-json\/wp\/v2\/posts\/287722\/revisions"}],"wp:featuredmedia":[{"embeddable":true,"href":"https:\/\/www.europesays.com\/ch-fr\/wp-json\/wp\/v2\/media\/287723"}],"wp:attachment":[{"href":"https:\/\/www.europesays.com\/ch-fr\/wp-json\/wp\/v2\/media?parent=287722"}],"wp:term":[{"taxonomy":"category","embeddable":true,"href":"https:\/\/www.europesays.com\/ch-fr\/wp-json\/wp\/v2\/categories?post=287722"},{"taxonomy":"post_tag","embeddable":true,"href":"https:\/\/www.europesays.com\/ch-fr\/wp-json\/wp\/v2\/tags?post=287722"}],"curies":[{"name":"wp","href":"https:\/\/api.w.org\/{rel}","templated":true}]}}