{"id":287760,"date":"2026-09-02T10:50:07","date_gmt":"2026-09-02T10:50:07","guid":{"rendered":"https:\/\/www.europesays.com\/ch-fr\/287760\/"},"modified":"2026-09-02T10:50:07","modified_gmt":"2026-09-02T10:50:07","slug":"julianne-moore-a-lhonneur-au-zurich-film-festival","status":"publish","type":"post","link":"https:\/\/www.europesays.com\/ch-fr\/287760\/","title":{"rendered":"Julianne Moore \u00e0 l&rsquo;honneur au Zurich Film Festival"},"content":{"rendered":"<p class=\"wysiwyg-h2\">Le 22e Zurich Film Festival (ZFF) r\u00e9compensera cet automne l&rsquo;actrice am\u00e9ricaine Julianne Moore pour l&rsquo;ensemble de sa carri\u00e8re ainsi que pour sa prestation dans &lsquo;The Debut&rsquo;, de Jesse Eisenberg. L&rsquo;actrice et le r\u00e9alisateur recevront personnellement le Golden Icon Award.<\/p>\n<p>Julianne Moore, 65 ans, est une &lsquo;remarquable actrice de caract\u00e8re du cin\u00e9ma am\u00e9ricain&rsquo;, \u00e9crit mercredi le ZFF dans un communiqu\u00e9. Dans &lsquo;The Debut&rsquo;, elle incarne une femme qui d\u00e9cide de r\u00e9aliser son r\u00eave de devenir actrice. Le film constitue &lsquo;la d\u00e9claration d&rsquo;amour de Julianne Moore \u00e0 son propre m\u00e9tier et donc le film parfait&rsquo; pour lui t\u00e9moigner sa reconnaissance avec cette distinction, d\u00e9clare le directeur du festival, Christian Jungen, cit\u00e9 dans le communiqu\u00e9.<\/p>\n<p>Dans &lsquo;The Debut&rsquo;, qui doit sortir en janvier dans les cin\u00e9mas de Suisse romande, Mona Friedman (Julianne Moore) passe du statut de femme au foyer timide \u00e0 celui d&rsquo;actrice puisant dans ses souvenirs et ses \u00e9motions personnelles pour interpr\u00e9ter un personnage. Elle n&rsquo;obtient qu&rsquo;un petit r\u00f4le secondaire dans une com\u00e9die musicale, mais finit par d\u00e9fendre son int\u00e9grit\u00e9 artistique face \u00e0 un metteur en sc\u00e8ne autoritaire.<\/p>\n<p>Pr\u00e9d\u00e9cesseurs renomm\u00e9s<\/p>\n<p>&lsquo;The Debut&rsquo; est le troisi\u00e8me film de Jesse Eisenberg. Il avait d\u00e9j\u00e0 travaill\u00e9 avec Julianne Moore pour son premier long m\u00e9trage, &lsquo;When You Finish Saving the World&rsquo; (2022).<\/p>\n<p>Au cours de ses 30 ans de carri\u00e8re, Julianne Moore a travaill\u00e9 avec des r\u00e9alisateurs comme Robert Altman, les fr\u00e8res Coen ou Todd Haynes, dans des films tels que &lsquo;Short Cuts&rsquo;, &lsquo;The Big Lebowski&rsquo;, &lsquo;Safe&rsquo; ou &lsquo;Far From Heaven&rsquo;.<\/p>\n<p>Elle a notamment re\u00e7u un Oscar, un Emmy et un Bafta, l&rsquo;\u00e9quivalent britannique des Oscars. Elle est en outre la premi\u00e8re actrice am\u00e9ricaine \u00e0 avoir remport\u00e9 les plus hautes distinctions d&rsquo;interpr\u00e9tation dans les trois grands festivals europ\u00e9ens de Cannes, Berlin et Venise.<\/p>\n<p>Kate Winslet, Sylvester Stallone et Sharon Stone figurent notamment parmi les pr\u00e9c\u00e9dents laur\u00e9ats du Golden Icon Award du ZFF. La 22e \u00e9dition du Zurich Film Festival se tiendra du 24 septembre au 4 octobre.<\/p>\n<p> \/ATS<\/p>\n","protected":false},"excerpt":{"rendered":"Le 22e Zurich Film Festival (ZFF) r\u00e9compensera cet automne l&rsquo;actrice am\u00e9ricaine Julianne Moore pour l&rsquo;ensemble de sa carri\u00e8re&hellip;\n","protected":false},"author":2,"featured_media":287761,"comment_status":"","ping_status":"","sticky":false,"template":"","format":"standard","meta":{"footnotes":"","_share_on_mastodon":"0"},"categories":[16],"tags":[121,124,128,119,122,123,118,136,132,131,133,130,135,120,126,117,125,114,115,116,23,129,127,134,32],"class_list":["post-287760","post","type-post","status-publish","format-standard","has-post-thumbnail","category-zurich","tag-ajoie","tag-animation","tag-bienne","tag-delemont","tag-franches-montagnes","tag-frequence","tag-jura","tag-jura-bernois","tag-la-chaux-de-fonds","tag-moutier","tag-neuchatel","tag-neuveville","tag-payerne","tag-porrentruy","tag-publicite","tag-radio","tag-redaction","tag-rfj","tag-rjb","tag-rtn","tag-suisse","tag-tavannes","tag-vallon-de-st-imier","tag-yverdon","tag-zurich"],"share_on_mastodon":{"url":"https:\/\/pubeurope.com\/@ch_fr\/117201064770382930","error":""},"_links":{"self":[{"href":"https:\/\/www.europesays.com\/ch-fr\/wp-json\/wp\/v2\/posts\/287760","targetHints":{"allow":["GET"]}}],"collection":[{"href":"https:\/\/www.europesays.com\/ch-fr\/wp-json\/wp\/v2\/posts"}],"about":[{"href":"https:\/\/www.europesays.com\/ch-fr\/wp-json\/wp\/v2\/types\/post"}],"author":[{"embeddable":true,"href":"https:\/\/www.europesays.com\/ch-fr\/wp-json\/wp\/v2\/users\/2"}],"replies":[{"embeddable":true,"href":"https:\/\/www.europesays.com\/ch-fr\/wp-json\/wp\/v2\/comments?post=287760"}],"version-history":[{"count":0,"href":"https:\/\/www.europesays.com\/ch-fr\/wp-json\/wp\/v2\/posts\/287760\/revisions"}],"wp:featuredmedia":[{"embeddable":true,"href":"https:\/\/www.europesays.com\/ch-fr\/wp-json\/wp\/v2\/media\/287761"}],"wp:attachment":[{"href":"https:\/\/www.europesays.com\/ch-fr\/wp-json\/wp\/v2\/media?parent=287760"}],"wp:term":[{"taxonomy":"category","embeddable":true,"href":"https:\/\/www.europesays.com\/ch-fr\/wp-json\/wp\/v2\/categories?post=287760"},{"taxonomy":"post_tag","embeddable":true,"href":"https:\/\/www.europesays.com\/ch-fr\/wp-json\/wp\/v2\/tags?post=287760"}],"curies":[{"name":"wp","href":"https:\/\/api.w.org\/{rel}","templated":true}]}}