{"id":287776,"date":"2026-09-02T11:01:17","date_gmt":"2026-09-02T11:01:17","guid":{"rendered":"https:\/\/www.europesays.com\/ch-fr\/287776\/"},"modified":"2026-09-02T11:01:17","modified_gmt":"2026-09-02T11:01:17","slug":"le-president-algerien-veut-la-peine-de-mort-contre-les-pyromanes-2","status":"publish","type":"post","link":"https:\/\/www.europesays.com\/ch-fr\/287776\/","title":{"rendered":"Le pr\u00e9sident alg\u00e9rien veut la peine de mort contre les pyromanes"},"content":{"rendered":"<p class=\"wysiwyg-h2\">Le pr\u00e9sident alg\u00e9rien Abdelmadjid Tebboune, dont le pays observe un moratoire sur la peine de mort depuis 1993, a annonc\u00e9 dimanche vouloir r\u00e9tablir son application contre les pyromanes, apr\u00e8s les incendies meurtriers qui ont ravag\u00e9 l&rsquo;est et le nord du pays.<\/p>\n<p>S&rsquo;adressant au ministre de la Justice lors d&rsquo;une r\u00e9union consacr\u00e9e aux feux en pr\u00e9sence de hauts responsables civils et militaires, le chef de l&rsquo;Etat alg\u00e9rien a ordonn\u00e9 &lsquo;une modification du Code p\u00e9nal&rsquo; avant le 15 septembre.<\/p>\n<p>M. Tebboune a demand\u00e9 \u00e0 ce que le projet passe par le gouvernement puis que le Parlement l&rsquo;\u00e9tudie &lsquo;rapidement&rsquo;. &lsquo;On r\u00e9instaure la condamnation \u00e0 mort pour les pyromanes&rsquo;, a-t-il d\u00e9clar\u00e9.<\/p>\n<p>&lsquo;Il y aura ex\u00e9cution&rsquo; une fois les voies de recours \u00e9puis\u00e9es pour les condamn\u00e9s, a-t-il insist\u00e9 dans des images retransmises \u00e0 la t\u00e9l\u00e9vision.<\/p>\n<p>L&rsquo;Alg\u00e9rie a d\u00e9cr\u00e9t\u00e9 un deuil officiel de trois jours et l&rsquo;annulation de toutes les festivit\u00e9s culturelles et comp\u00e9titions sportives apr\u00e8s les incendies.<\/p>\n<p>Selon les chiffres officiels communiqu\u00e9s jusqu&rsquo;ici, au moins 12 personnes sont mortes en lien avec de violents feux de for\u00eat pr\u00e8s de B\u00e9ja\u00efa, Jijel et Tizi-Ouzou, mais des sources locales craignent que le nombre de victimes ne soit beaucoup plus \u00e9lev\u00e9.<\/p>\n<p>Le ministre de la Sant\u00e9, Mohamed Seddik A\u00eft Messaoud\u00e8ne, a indiqu\u00e9 vendredi que le bilan \u00e9tait &lsquo;tr\u00e8s lourd&rsquo;, sans pour autant donner un chiffre. Les autorit\u00e9s ont indiqu\u00e9 que plusieurs personnes soup\u00e7onn\u00e9es d&rsquo;avoir allum\u00e9 des feux avaient \u00e9t\u00e9 arr\u00eat\u00e9es.<\/p>\n<p>&lsquo;Personne ne peut faire plier l&rsquo;Alg\u00e9rie&rsquo;, a lanc\u00e9 M. Tebboune, qui a par ailleurs promis que les victimes ayant perdu maisons, meubles, \u00e9lectrom\u00e9nager, cheptels ou arbres fruitiers seraient enti\u00e8rement indemnis\u00e9es par l&rsquo;Etat avant le 15 septembre.<\/p>\n<p>Les incendies ont provoqu\u00e9 une vive \u00e9motion dans le pays. Une foule a assist\u00e9 \u00e0 l&rsquo;enterrement collectif de victimes dans un des cimeti\u00e8res de Jijel, selon des images diffus\u00e9es par la t\u00e9l\u00e9vision et des sites locaux.<\/p>\n<p>Depuis mercredi soir, de nombreuses vid\u00e9os des incendies ont \u00e9t\u00e9 diffus\u00e9es sur les r\u00e9seaux sociaux, notamment par des citoyens bloqu\u00e9s par les flammes dans cette r\u00e9gion \u00e0 la fois c\u00f4ti\u00e8re et montagneuse connue pour ses paysages paradisiaques.<\/p>\n<p>Les feux de for\u00eat ont \u00e9t\u00e9 aliment\u00e9s par des vents violents et une intense canicule, des ph\u00e9nom\u00e8nes aggrav\u00e9s par des \u00e9pisodes de plus en plus fr\u00e9quents de s\u00e9cheresse favoris\u00e9s par le changement climatique. La Protection civile a d\u00e9ploy\u00e9 d&rsquo;importants moyens, dont des avions bombardiers d&rsquo;eau.<\/p>\n<p> \/ATS<\/p>\n","protected":false},"excerpt":{"rendered":"Le pr\u00e9sident alg\u00e9rien Abdelmadjid Tebboune, dont le pays observe un moratoire sur la peine de mort depuis 1993,&hellip;\n","protected":false},"author":2,"featured_media":287777,"comment_status":"","ping_status":"","sticky":false,"template":"","format":"standard","meta":{"footnotes":"","_share_on_mastodon":"0"},"categories":[5],"tags":[121,124,128,119,122,123,40,118,136,132,131,133,130,135,120,126,117,125,114,115,116,129,127,41,42,134],"class_list":["post-287776","post","type-post","status-publish","format-standard","has-post-thumbnail","category-international","tag-ajoie","tag-animation","tag-bienne","tag-delemont","tag-franches-montagnes","tag-frequence","tag-international","tag-jura","tag-jura-bernois","tag-la-chaux-de-fonds","tag-moutier","tag-neuchatel","tag-neuveville","tag-payerne","tag-porrentruy","tag-publicite","tag-radio","tag-redaction","tag-rfj","tag-rjb","tag-rtn","tag-tavannes","tag-vallon-de-st-imier","tag-world","tag-world-news","tag-yverdon"],"share_on_mastodon":{"url":"https:\/\/pubeurope.com\/@ch_fr\/117201108144835698","error":""},"_links":{"self":[{"href":"https:\/\/www.europesays.com\/ch-fr\/wp-json\/wp\/v2\/posts\/287776","targetHints":{"allow":["GET"]}}],"collection":[{"href":"https:\/\/www.europesays.com\/ch-fr\/wp-json\/wp\/v2\/posts"}],"about":[{"href":"https:\/\/www.europesays.com\/ch-fr\/wp-json\/wp\/v2\/types\/post"}],"author":[{"embeddable":true,"href":"https:\/\/www.europesays.com\/ch-fr\/wp-json\/wp\/v2\/users\/2"}],"replies":[{"embeddable":true,"href":"https:\/\/www.europesays.com\/ch-fr\/wp-json\/wp\/v2\/comments?post=287776"}],"version-history":[{"count":0,"href":"https:\/\/www.europesays.com\/ch-fr\/wp-json\/wp\/v2\/posts\/287776\/revisions"}],"wp:featuredmedia":[{"embeddable":true,"href":"https:\/\/www.europesays.com\/ch-fr\/wp-json\/wp\/v2\/media\/287777"}],"wp:attachment":[{"href":"https:\/\/www.europesays.com\/ch-fr\/wp-json\/wp\/v2\/media?parent=287776"}],"wp:term":[{"taxonomy":"category","embeddable":true,"href":"https:\/\/www.europesays.com\/ch-fr\/wp-json\/wp\/v2\/categories?post=287776"},{"taxonomy":"post_tag","embeddable":true,"href":"https:\/\/www.europesays.com\/ch-fr\/wp-json\/wp\/v2\/tags?post=287776"}],"curies":[{"name":"wp","href":"https:\/\/api.w.org\/{rel}","templated":true}]}}