{"id":287806,"date":"2026-09-02T11:20:11","date_gmt":"2026-09-02T11:20:11","guid":{"rendered":"https:\/\/www.europesays.com\/ch-fr\/287806\/"},"modified":"2026-09-02T11:20:11","modified_gmt":"2026-09-02T11:20:11","slug":"a-coire-thomas-hirschhorn-deploie-son-parcours-dartiste-sous-forme-datlas","status":"publish","type":"post","link":"https:\/\/www.europesays.com\/ch-fr\/287806\/","title":{"rendered":"A Coire, Thomas Hirschhorn\u00a0d\u00e9ploie\u00a0son parcours d\u2019artiste sous forme d\u2019atlas"},"content":{"rendered":"<p>    R\u00e9sum\u00e9 en 20 secondes<\/p>\n<p>        En savoir plus sur ce type de contenu<\/p>\n<p>Ce r\u00e9sum\u00e9 peut avoir \u00e9t\u00e9 \u00e9crit avec l&rsquo;assistance d\u2019une IA g\u00e9n\u00e9rative. <a href=\"https:\/\/www.letemps.ch\/cyber\/l-usage-de-l-ia-generative-par-les-journalistes-du-temps\" rel=\"nofollow noopener\" target=\"_blank\">En savoir plus<\/a><\/p>\n<p class=\"article__abstract-call-to-action\" data-ariato=\"TrackableElement\" data-trackable-element-type=\"article_abstract_cta\" data-trackable-element-location=\"article_header\" data-trackable-element-id=\"541321\">\n        <a data-event=\"click-&gt;clicked\" href=\"https:\/\/www.letemps.ch\/abonnements\" rel=\"nofollow noopener\" target=\"_blank\">Abonnez-vous<\/a> pour acc\u00e9der au r\u00e9sum\u00e9 en 20 secondes.\n      <\/p>\n<p>Invit\u00e9 par le Mus\u00e9e d\u2019art contemporain Helga de Alvear, \u00e0 C\u00e1ceres, \u00e0 concevoir une anthologie de son\u00a0parcours, Thomas Hirschhorn a mis sur pied une exploration inspir\u00e9e par L\u2019Atlas Mn\u00e9mosyne d\u2019Aby Warburg, expos\u00e9e actuellement\u00a0\u00e0 Coire, au Mus\u00e9e d\u2019art des Grisons. L\u2019Allemand Aby Warburg (1866-1929) avait con\u00e7u un syst\u00e8me de planches o\u00f9 il organisait des centaines d\u2019images, selon une approche qui rompait avec les lectures traditionnelles de son domaine.\u00a0Dans son guide de l\u2019exposition, Thomas Hirschhorn dit\u00a0son admiration pour celui qui a \u00ablib\u00e9r\u00e9 le domaine acad\u00e9mique de l\u2019histoire de l\u2019art de ses cat\u00e9gories rigides et de ses contraintes chronologiques. J\u2019adore le fait qu\u2019il ait donn\u00e9 \u00e0 son \u0153uvre une forme aussi g\u00e9niale, puissante, audacieuse et universelle.\u00bb<\/p>\n<p>Le travail de Warburg, interrompu par son d\u00e9c\u00e8s, est rest\u00e9 sans \u00e9crit pour l\u2019accompagner. Hirschhorn, lui, a choisi de ne pas ajouter de commentaires \u00e0 ses planches afin de laisser place notamment \u00ab\u00e0 la dynamique, aux amplifications, aux tensions, aux mouvements pendulaires, aux juxtapositions, aux polarit\u00e9s\u00bb. Il a recouvert\u00a045 panneaux de cartons (2,40\u00a0m de haut, 1,60\u00a0m de large et 10\u00a0cm d\u2019\u00e9paisseur), num\u00e9rot\u00e9s de 1 \u00e0 43 (deux panneaux sont doubles) de scotch noir pour ressembler aux tableaux o\u00f9 Warburg\u00a0associait les images tout en restant dans les mat\u00e9riaux pauvres qui lui sont propres.\u00a0Et il y a align\u00e9 documents \u2013 images ou \u00e9critures \u2013 dessins, esquisses, la plupart\u00a0photocopi\u00e9s, les originaux \u00e9tant prot\u00e9g\u00e9s par un plastique. Une poign\u00e9e de vitrines et\u00a0d\u2019installations au sol prolongent certains panneaux.<\/p>\n","protected":false},"excerpt":{"rendered":"R\u00e9sum\u00e9 en 20 secondes En savoir plus sur ce type de contenu Ce r\u00e9sum\u00e9 peut avoir \u00e9t\u00e9 \u00e9crit&hellip;\n","protected":false},"author":2,"featured_media":287807,"comment_status":"","ping_status":"","sticky":false,"template":"","format":"standard","meta":{"footnotes":"","_share_on_mastodon":"0"},"categories":[3],"tags":[7583,172,1260,1173,174,23],"class_list":["post-287806","post","type-post","status-publish","format-standard","has-post-thumbnail","category-suisse","tag-arts-plastiques","tag-culture","tag-entre-temps","tag-musees-et-expositions","tag-premium","tag-suisse"],"share_on_mastodon":{"url":"https:\/\/pubeurope.com\/@ch_fr\/117201182661574119","error":""},"_links":{"self":[{"href":"https:\/\/www.europesays.com\/ch-fr\/wp-json\/wp\/v2\/posts\/287806","targetHints":{"allow":["GET"]}}],"collection":[{"href":"https:\/\/www.europesays.com\/ch-fr\/wp-json\/wp\/v2\/posts"}],"about":[{"href":"https:\/\/www.europesays.com\/ch-fr\/wp-json\/wp\/v2\/types\/post"}],"author":[{"embeddable":true,"href":"https:\/\/www.europesays.com\/ch-fr\/wp-json\/wp\/v2\/users\/2"}],"replies":[{"embeddable":true,"href":"https:\/\/www.europesays.com\/ch-fr\/wp-json\/wp\/v2\/comments?post=287806"}],"version-history":[{"count":0,"href":"https:\/\/www.europesays.com\/ch-fr\/wp-json\/wp\/v2\/posts\/287806\/revisions"}],"wp:featuredmedia":[{"embeddable":true,"href":"https:\/\/www.europesays.com\/ch-fr\/wp-json\/wp\/v2\/media\/287807"}],"wp:attachment":[{"href":"https:\/\/www.europesays.com\/ch-fr\/wp-json\/wp\/v2\/media?parent=287806"}],"wp:term":[{"taxonomy":"category","embeddable":true,"href":"https:\/\/www.europesays.com\/ch-fr\/wp-json\/wp\/v2\/categories?post=287806"},{"taxonomy":"post_tag","embeddable":true,"href":"https:\/\/www.europesays.com\/ch-fr\/wp-json\/wp\/v2\/tags?post=287806"}],"curies":[{"name":"wp","href":"https:\/\/api.w.org\/{rel}","templated":true}]}}