{"id":287836,"date":"2026-09-02T11:40:15","date_gmt":"2026-09-02T11:40:15","guid":{"rendered":"https:\/\/www.europesays.com\/ch-fr\/287836\/"},"modified":"2026-09-02T11:40:15","modified_gmt":"2026-09-02T11:40:15","slug":"pour-le-mpc-la-ndrangheta-privilegie-la-suisse-alemanique","status":"publish","type":"post","link":"https:\/\/www.europesays.com\/ch-fr\/287836\/","title":{"rendered":"Pour le MPC, la &lsquo;Ndrangheta privil\u00e9gie la Suisse al\u00e9manique"},"content":{"rendered":"<p class=\"wysiwyg-h2\">La &lsquo;Ndranghetta pr\u00e9f\u00e8re s&rsquo;implanter en Suisse al\u00e9manique qu&rsquo;au Tessin, a d\u00e9clar\u00e9 \u00e0 Bellinzone un procureur du Minist\u00e8re public de la Conf\u00e9d\u00e9ration (MPC). Au Tessin, les autorit\u00e9s sont plus conscientes du danger pos\u00e9 par de telles organisations mafieuses.<\/p>\n<p>Le Tessin est un &lsquo;lieu dangereux&rsquo; pour les membres de la mafia, a d\u00e9clar\u00e9 un procureur du MPC mercredi matin dans son r\u00e9quisitoire devant le Tribunal p\u00e9nal f\u00e9d\u00e9ral (TPF). C&rsquo;est pourquoi les membres d&rsquo;organisations criminelles pr\u00e9f\u00e8rent la Suisse al\u00e9manique.<\/p>\n<p>Dans les conversations intercept\u00e9es entre des tiers et l&rsquo;accus\u00e9, jug\u00e9 depuis lundi pour son \u00e9ventuelle appartenance et soutien \u00e0 la &lsquo;Ndrangheta, il a \u00e9galement \u00e9t\u00e9 question de Zurich, selon le procureur du MPC. C\u2019est \u00e0 Seebach que se d\u00e9roulaient &lsquo;les affaires criminelles de la ville de Zurich&rsquo;, a-t-il ajout\u00e9, en faisant notamment r\u00e9f\u00e9rence au trafic de drogue.<\/p>\n<p> \/ATS<\/p>\n","protected":false},"excerpt":{"rendered":"La &lsquo;Ndranghetta pr\u00e9f\u00e8re s&rsquo;implanter en Suisse al\u00e9manique qu&rsquo;au Tessin, a d\u00e9clar\u00e9 \u00e0 Bellinzone un procureur du Minist\u00e8re public&hellip;\n","protected":false},"author":2,"featured_media":287837,"comment_status":"","ping_status":"","sticky":false,"template":"","format":"standard","meta":{"footnotes":"","_share_on_mastodon":"0"},"categories":[4],"tags":[22,121,124,128,119,122,123,118,136,132,131,133,130,21,135,120,126,117,125,114,115,116,23,129,127,134],"class_list":["post-287836","post","type-post","status-publish","format-standard","has-post-thumbnail","category-actualites","tag-actualites","tag-ajoie","tag-animation","tag-bienne","tag-delemont","tag-franches-montagnes","tag-frequence","tag-jura","tag-jura-bernois","tag-la-chaux-de-fonds","tag-moutier","tag-neuchatel","tag-neuveville","tag-news","tag-payerne","tag-porrentruy","tag-publicite","tag-radio","tag-redaction","tag-rfj","tag-rjb","tag-rtn","tag-suisse","tag-tavannes","tag-vallon-de-st-imier","tag-yverdon"],"share_on_mastodon":{"url":"https:\/\/pubeurope.com\/@ch_fr\/117201261322674097","error":""},"_links":{"self":[{"href":"https:\/\/www.europesays.com\/ch-fr\/wp-json\/wp\/v2\/posts\/287836","targetHints":{"allow":["GET"]}}],"collection":[{"href":"https:\/\/www.europesays.com\/ch-fr\/wp-json\/wp\/v2\/posts"}],"about":[{"href":"https:\/\/www.europesays.com\/ch-fr\/wp-json\/wp\/v2\/types\/post"}],"author":[{"embeddable":true,"href":"https:\/\/www.europesays.com\/ch-fr\/wp-json\/wp\/v2\/users\/2"}],"replies":[{"embeddable":true,"href":"https:\/\/www.europesays.com\/ch-fr\/wp-json\/wp\/v2\/comments?post=287836"}],"version-history":[{"count":0,"href":"https:\/\/www.europesays.com\/ch-fr\/wp-json\/wp\/v2\/posts\/287836\/revisions"}],"wp:featuredmedia":[{"embeddable":true,"href":"https:\/\/www.europesays.com\/ch-fr\/wp-json\/wp\/v2\/media\/287837"}],"wp:attachment":[{"href":"https:\/\/www.europesays.com\/ch-fr\/wp-json\/wp\/v2\/media?parent=287836"}],"wp:term":[{"taxonomy":"category","embeddable":true,"href":"https:\/\/www.europesays.com\/ch-fr\/wp-json\/wp\/v2\/categories?post=287836"},{"taxonomy":"post_tag","embeddable":true,"href":"https:\/\/www.europesays.com\/ch-fr\/wp-json\/wp\/v2\/tags?post=287836"}],"curies":[{"name":"wp","href":"https:\/\/api.w.org\/{rel}","templated":true}]}}