{"id":287876,"date":"2026-09-02T12:12:11","date_gmt":"2026-09-02T12:12:11","guid":{"rendered":"https:\/\/www.europesays.com\/ch-fr\/287876\/"},"modified":"2026-09-02T12:12:11","modified_gmt":"2026-09-02T12:12:11","slug":"deces-de-jean-paul-rappeneau-realisateur-de-cyrano-de-bergerac-2","status":"publish","type":"post","link":"https:\/\/www.europesays.com\/ch-fr\/287876\/","title":{"rendered":"d\u00e9c\u00e8s de Jean-Paul Rappeneau, r\u00e9alisateur de \u00ab Cyrano de Bergerac \u00bb"},"content":{"rendered":"<p class=\"wysiwyg-h2\">Le cin\u00e9aste Jean-Paul Rappeneau est d\u00e9c\u00e9d\u00e9 mardi \u00e0 Paris \u00e0 l&rsquo;\u00e2ge de 94 ans, a annonc\u00e9 mercredi \u00e0 l&rsquo;AFP un de ses fils. Il avait r\u00e9alis\u00e9 huit longs-m\u00e9trages dont &lsquo;Cyrano de Bergerac&rsquo; (1990) et remport\u00e9 plusieurs C\u00e9sar.<\/p>\n<p>Jean-Paul Rappeneau, l&rsquo;un des doyens du cin\u00e9ma hexagonal, a tourn\u00e9 avec les plus grands com\u00e9diens fran\u00e7ais, d&rsquo;Yves Montand (&lsquo;Le Sauvage&rsquo;) \u00e0 Catherine Deneuve (&lsquo;La vie de ch\u00e2teau&rsquo;), en passant par G\u00e9rard Depardieu ou Isabelle Adjani (&lsquo;Tout feu tout flamme&rsquo;).<\/p>\n<p>C&rsquo;est en portant au cin\u00e9ma les aventures de Cyrano de Bergerac que cet autodidacte, form\u00e9 notamment aupr\u00e8s de Louis Malle, avait connu son plus grand succ\u00e8s au d\u00e9but des ann\u00e9es 90. Port\u00e9 par l&rsquo;interpr\u00e9tation de G\u00e9rard Depardieu dans le r\u00f4le-titre, son &lsquo;Cyrano&rsquo; avait d\u00e9croch\u00e9 dix C\u00e9sar en 1991, dont celui de meilleur film, et avait valu \u00e0 Jean-Paul Rappeneau celui de meilleur r\u00e9alisateur.<\/p>\n<p>Perfectionniste<\/p>\n<p>Sc\u00e9nariste de ses propres films, il \u00e9tait connu pour son perfectionnisme. &lsquo;Je ne suis pas comme un pommier qui fait tomber ses fruits chaque automne. Mon rythme, c&rsquo;est plut\u00f4t un film tous les cinq ou six ans. Je ne vois pas pourquoi on devrait encha\u00eener les projets. A moins bien s\u00fbr d&rsquo;avoir besoin d&rsquo;argent&#8230;&rsquo;, disait-il \u00e0 Paris Match en 2015.<\/p>\n<p>D&rsquo;abord sc\u00e9nariste, notamment de &lsquo;Zazie dans le m\u00e9tro&rsquo; de Louis Malle, il avait fait ses premiers pas de r\u00e9alisateur en signant en 1966 &lsquo;La vie de ch\u00e2teau&rsquo; , dans lequel Catherine Deneuve campe une \u00e9pouse rong\u00e9e par l&rsquo;ennui aux c\u00f4t\u00e9s de Philippe Noiret.<\/p>\n<p>Les succ\u00e8s publics s&rsquo;\u00e9taient ensuite encha\u00een\u00e9s. En 1971, il tourne &lsquo;Les Mari\u00e9s de l&rsquo;an II&rsquo;, avec Jean-Paul Belmondo et Marl\u00e8ne Jobert et met en sc\u00e8ne en 1975 les aventures rocambolesques du &lsquo;Sauvage&rsquo;. Six ans plus tard, &lsquo;Tout feu tout flamme&rsquo;, avec Yves Montand et Isabelle Adjani lui vaut une nouvelle cons\u00e9cration publique.<\/p>\n<p>Le d\u00e9fi Cyrano<\/p>\n<p>Apr\u00e8s une \u00e9clipse de pr\u00e8s de dix ans, il rel\u00e8ve le d\u00e9fi d&rsquo;adapter sur grand \u00e9cran, avec l&rsquo;aide d&rsquo;Emmanuel Carr\u00e8re, la pi\u00e8ce &lsquo;Cyrano de Bergerac&rsquo;, \u00e9crite par Edmond Rostand \u00e0 la fin du XIXe.<\/p>\n<p>&lsquo;Nous ne pouvions nous contenter d&rsquo;une simple mise en images de la pi\u00e8ce (&#8230;). Le vrai pari du film, c&rsquo;est que les personnages y parlent en vers&rsquo;, expliquait-il.<\/p>\n<p>En 2025, Jean-Paul Rappeneau avait publi\u00e9 ses m\u00e9moires (&lsquo;Vive allure&rsquo;) o\u00f9 transparaissait son approche singuli\u00e8re du m\u00e9tier de cin\u00e9aste. &lsquo;Quand un film se termine, disait-il, je suis comme un naufrag\u00e9 sur la plage, j&rsquo;attends le prochain voyage&rsquo;.<\/p>\n<p> \/ATS<\/p>\n","protected":false},"excerpt":{"rendered":"Le cin\u00e9aste Jean-Paul Rappeneau est d\u00e9c\u00e9d\u00e9 mardi \u00e0 Paris \u00e0 l&rsquo;\u00e2ge de 94 ans, a annonc\u00e9 mercredi \u00e0&hellip;\n","protected":false},"author":2,"featured_media":287877,"comment_status":"","ping_status":"","sticky":false,"template":"","format":"standard","meta":{"footnotes":"","_share_on_mastodon":"0"},"categories":[10],"tags":[121,124,128,119,113,112,122,123,118,136,132,131,133,130,135,120,126,117,125,114,115,116,23,129,127,134],"class_list":["post-287876","post","type-post","status-publish","format-standard","has-post-thumbnail","category-divertissement","tag-ajoie","tag-animation","tag-bienne","tag-delemont","tag-divertissement","tag-entertainment","tag-franches-montagnes","tag-frequence","tag-jura","tag-jura-bernois","tag-la-chaux-de-fonds","tag-moutier","tag-neuchatel","tag-neuveville","tag-payerne","tag-porrentruy","tag-publicite","tag-radio","tag-redaction","tag-rfj","tag-rjb","tag-rtn","tag-suisse","tag-tavannes","tag-vallon-de-st-imier","tag-yverdon"],"share_on_mastodon":{"url":"https:\/\/pubeurope.com\/@ch_fr\/117201387114211027","error":""},"_links":{"self":[{"href":"https:\/\/www.europesays.com\/ch-fr\/wp-json\/wp\/v2\/posts\/287876","targetHints":{"allow":["GET"]}}],"collection":[{"href":"https:\/\/www.europesays.com\/ch-fr\/wp-json\/wp\/v2\/posts"}],"about":[{"href":"https:\/\/www.europesays.com\/ch-fr\/wp-json\/wp\/v2\/types\/post"}],"author":[{"embeddable":true,"href":"https:\/\/www.europesays.com\/ch-fr\/wp-json\/wp\/v2\/users\/2"}],"replies":[{"embeddable":true,"href":"https:\/\/www.europesays.com\/ch-fr\/wp-json\/wp\/v2\/comments?post=287876"}],"version-history":[{"count":0,"href":"https:\/\/www.europesays.com\/ch-fr\/wp-json\/wp\/v2\/posts\/287876\/revisions"}],"wp:featuredmedia":[{"embeddable":true,"href":"https:\/\/www.europesays.com\/ch-fr\/wp-json\/wp\/v2\/media\/287877"}],"wp:attachment":[{"href":"https:\/\/www.europesays.com\/ch-fr\/wp-json\/wp\/v2\/media?parent=287876"}],"wp:term":[{"taxonomy":"category","embeddable":true,"href":"https:\/\/www.europesays.com\/ch-fr\/wp-json\/wp\/v2\/categories?post=287876"},{"taxonomy":"post_tag","embeddable":true,"href":"https:\/\/www.europesays.com\/ch-fr\/wp-json\/wp\/v2\/tags?post=287876"}],"curies":[{"name":"wp","href":"https:\/\/api.w.org\/{rel}","templated":true}]}}