{"id":287900,"date":"2026-09-02T12:31:11","date_gmt":"2026-09-02T12:31:11","guid":{"rendered":"https:\/\/www.europesays.com\/ch-fr\/287900\/"},"modified":"2026-09-02T12:31:11","modified_gmt":"2026-09-02T12:31:11","slug":"celine-dion-surprend-ses-fans-en-chantant-pour-eux-devant-son-hotel-parisien","status":"publish","type":"post","link":"https:\/\/www.europesays.com\/ch-fr\/287900\/","title":{"rendered":"C\u00e9line Dion surprend ses fans en chantant pour eux devant son h\u00f4tel parisien"},"content":{"rendered":"<p>Les fans de <a href=\"https:\/\/www.20minutes.fr\/dossier\/celine-dion\" class=\"c-link c-link--is-underlined\" rel=\"nofollow noopener\" target=\"_blank\">C\u00e9line Dion<\/a> qui se pressaient devant le Royal Monceau ont \u00e9t\u00e9 r\u00e9compens\u00e9s. La star qu\u00e9b\u00e9coise leur a en effet offert un rare moment de communion, ce mardi, rapporte le <a href=\"https:\/\/www.huffingtonpost.fr\/culture\/video\/celine-dion-a-offert-un-beau-cadeau-a-ses-fans-qui-l-attendent-devant-son-hotel-parisien_316109.html\" rel=\"nofollow noopener\" target=\"_blank\" class=\"c-link c-link--is-underlined\">Huffington Post<\/a>. A la sortie du palace <a href=\"https:\/\/www.20minutes.fr\/paris\/\" class=\"c-link c-link--is-underlined\" rel=\"nofollow noopener\" target=\"_blank\">parisien<\/a>, la <a href=\"https:\/\/www.20minutes.fr\/dossier\/chanteuse\" class=\"c-link c-link--is-underlined\" rel=\"nofollow noopener\" target=\"_blank\">chanteuse<\/a> a entonn\u00e9 l\u2019un de ses tubes, pour le plus grand plaisir des badauds.<\/p>\n<p>C\u00e9line Dion est arriv\u00e9e le 28\u00a0ao\u00fbt \u00e0 Paris avec ses jumeaux Eddy et Nelson. Depuis cette date, elle multiplie les apparitions devant l\u2019h\u00f4tel avec son public, pr\u00e9cise\u00a0<a href=\"https:\/\/www.gala.fr\/l_actu\/news_de_stars\/celine-dion-fait-le-show-devant-son-hotel-parisien-chant-danse-cette-video-fait-chaud-au-coeur-20260901\" rel=\"nofollow noopener\" target=\"_blank\" class=\"c-link c-link--is-underlined\">Gala<\/a>. Mardi, la diva est all\u00e9e plus loin et\u00a0s\u2019est lanc\u00e9e dans un spectacle improvis\u00e9. Comme le montrent de nombreuses vid\u00e9os post\u00e9es sur les <a href=\"https:\/\/www.20minutes.fr\/dossier\/reseaux_sociaux\" class=\"c-link c-link--is-underlined\" rel=\"nofollow noopener\" target=\"_blank\">r\u00e9seaux sociaux<\/a>, elle a ainsi chant\u00e9\u00a0Pour que tu m\u2019aimes encore, avec quelques pas de danse en prime.<\/p>\n<p>La diva ne veut pas se disperser<\/p>\n<p>Interrog\u00e9e la veille, la Qu\u00e9b\u00e9coise avait indiqu\u00e9 qu\u2019elle faisait tout pour \u00eatre en forme pour ses futurs <a href=\"https:\/\/www.20minutes.fr\/dossier\/concert\" class=\"c-link c-link--is-underlined\" rel=\"nofollow noopener\" target=\"_blank\">concerts<\/a> parisiens. Des rumeurs \u00e9voquaient une participation \u00e0 la prochaine saison de la <a href=\"https:\/\/www.20minutes.fr\/dossier\/star_academy\" class=\"c-link c-link--is-underlined\" rel=\"nofollow noopener\" target=\"_blank\">Star Academy<\/a> en tant que marraine, mais son entourage a balay\u00e9 cette possibilit\u00e9. Elle pr\u00e9f\u00e8re limiter ses sorties dans la capitale, avant ses 16 prestations pr\u00e9vues \u00e0 La D\u00e9fense Arena, du 12\u00a0septembre au 17\u00a0octobre. Il s\u2019agit de son grand retour sur sc\u00e8ne apr\u00e8s six ans d\u2019absence.<\/p>\n<p>La chanteuse de 58 ans a l\u2019habitude des grandes tourn\u00e9es et fait preuve d\u2019une d\u00e9termination absolue, <a href=\"https:\/\/www.20minutes.fr\/arts-stars\/culture\/4242182-20260901-celine-dion-chanteuse-affiche-totale-determination-avant-retour-scene-selon-biographe\" class=\"c-link c-link--is-underlined\" rel=\"nofollow noopener\" target=\"_blank\">explique\u00a0\u00c9lisabeth Reynaud, sa biographe<\/a>. Pour \u00eatre bien pr\u00eate, elle se contraint \u00e0 un isolement strict entre chaque r\u00e9p\u00e9tition, lui permettant de pr\u00e9server sa voix et son \u00e9nergie. Confront\u00e9e \u00e0 une maladie neurologique rare qui provoque des spasmes et des raideurs musculaires, l\u2019artiste suit un protocole m\u00e9dical compos\u00e9 de s\u00e9ances de kin\u00e9sith\u00e9rapie et d\u2019un entra\u00eenement physique adapt\u00e9.<\/p>\n","protected":false},"excerpt":{"rendered":"Les fans de C\u00e9line Dion qui se pressaient devant le Royal Monceau ont \u00e9t\u00e9 r\u00e9compens\u00e9s. La star qu\u00e9b\u00e9coise&hellip;\n","protected":false},"author":2,"featured_media":287901,"comment_status":"","ping_status":"","sticky":false,"template":"","format":"standard","meta":{"footnotes":"","_share_on_mastodon":"0"},"categories":[10],"tags":[6521,648,113,112,2100,483,23,3799,154],"class_list":["post-287900","post","type-post","status-publish","format-standard","has-post-thumbnail","category-divertissement","tag-celine-dion","tag-concert","tag-divertissement","tag-entertainment","tag-ile-de-france","tag-paris","tag-suisse","tag-tas-vu","tag-video"],"share_on_mastodon":{"url":"https:\/\/pubeurope.com\/@ch_fr\/117201462000320855","error":""},"_links":{"self":[{"href":"https:\/\/www.europesays.com\/ch-fr\/wp-json\/wp\/v2\/posts\/287900","targetHints":{"allow":["GET"]}}],"collection":[{"href":"https:\/\/www.europesays.com\/ch-fr\/wp-json\/wp\/v2\/posts"}],"about":[{"href":"https:\/\/www.europesays.com\/ch-fr\/wp-json\/wp\/v2\/types\/post"}],"author":[{"embeddable":true,"href":"https:\/\/www.europesays.com\/ch-fr\/wp-json\/wp\/v2\/users\/2"}],"replies":[{"embeddable":true,"href":"https:\/\/www.europesays.com\/ch-fr\/wp-json\/wp\/v2\/comments?post=287900"}],"version-history":[{"count":0,"href":"https:\/\/www.europesays.com\/ch-fr\/wp-json\/wp\/v2\/posts\/287900\/revisions"}],"wp:featuredmedia":[{"embeddable":true,"href":"https:\/\/www.europesays.com\/ch-fr\/wp-json\/wp\/v2\/media\/287901"}],"wp:attachment":[{"href":"https:\/\/www.europesays.com\/ch-fr\/wp-json\/wp\/v2\/media?parent=287900"}],"wp:term":[{"taxonomy":"category","embeddable":true,"href":"https:\/\/www.europesays.com\/ch-fr\/wp-json\/wp\/v2\/categories?post=287900"},{"taxonomy":"post_tag","embeddable":true,"href":"https:\/\/www.europesays.com\/ch-fr\/wp-json\/wp\/v2\/tags?post=287900"}],"curies":[{"name":"wp","href":"https:\/\/api.w.org\/{rel}","templated":true}]}}