{"id":287902,"date":"2026-09-02T12:32:13","date_gmt":"2026-09-02T12:32:13","guid":{"rendered":"https:\/\/www.europesays.com\/ch-fr\/287902\/"},"modified":"2026-09-02T12:32:13","modified_gmt":"2026-09-02T12:32:13","slug":"transition-ecologique-du-systeme-de-sante-80-nouveaux-conseillers-deployes-en-etablissement-de-sante-et-medico-social","status":"publish","type":"post","link":"https:\/\/www.europesays.com\/ch-fr\/287902\/","title":{"rendered":"Transition \u00e9cologique du syst\u00e8me de sant\u00e9: 80 nouveaux conseillers d\u00e9ploy\u00e9s en \u00e9tablissement de sant\u00e9 et m\u00e9dico-social"},"content":{"rendered":"<p>\t\t\t\t\t En vue d\u2019acc\u00e9l\u00e9rer la transition \u00e9cologique sur tout le territoire, les 80 nouveaux postes ont \u00e9t\u00e9 r\u00e9partis en fonction des besoins identifi\u00e9s localement, tout\u00a0en veillant \u00e0 garantir un maillage \u00e9quilibr\u00e9.\u00a0Les\u00a0nouveaux conseillers\u00a0sont int\u00e9gr\u00e9s au r\u00e9seau anim\u00e9 par l\u2019ANAP\u00a0afin de b\u00e9n\u00e9ficier de ses outils et de sa dynamique.\u00a0Le financement est assur\u00e9 par l\u2019Etat :\u00a0100 %\u00a0en 2026, 85 %\u00a0en 2027\u00a0puis\u00a075 %\u00a0en 2028 pour accompagner la p\u00e9rennisation des postes.\u00a0Les \u00e9tablissements prendront ensuite le relais, en partie gr\u00e2ce aux \u00e9conomies g\u00e9n\u00e9r\u00e9es par les actions engag\u00e9es en mati\u00e8re d\u2019efficacit\u00e9 \u00e9nerg\u00e9tique et de transition \u00e9cologique.\u00a0\u00a0 <\/p>\n<p>A noter\u00a0que les recrutements sont toujours en cours dans plusieurs r\u00e9gions\u00a0: pour conna\u00eetre les postes actuellement ouverts et les modalit\u00e9s de candidature,\u00a0les profils int\u00e9ress\u00e9s peuvent\u00a0contacter\u00a0le r\u00e9seau des CTEES \u00e0 l&rsquo;adresse\u00a0<a class=\"liens\" href=\"https:\/\/www.hospitalia.fr\/javascript:protected_mail(\" reseau-ctees=\"\" rel=\"nofollow noopener\" target=\"_blank\">reseau-ctees@anap.fr<\/a>  \u00a0 <\/p>\n<p>Les r\u00e9sultats obtenus par l\u2019action des CTEES sont tr\u00e8s encourageants.\u00a0Ainsi, les consommations \u00e9nerg\u00e9tiques des \u00e9tablissements accompagn\u00e9s ont diminu\u00e9 d\u2019environ 6 % en un an, ce qui a permis d\u2019\u00e9viter pr\u00e8s de 80 millions d\u2019\u20ac de d\u00e9penses.\u00a0Les vagues de chaleur successives rappellent aussi l&rsquo;urgence de pr\u00e9parer les \u00e9tablissements aux cons\u00e9quences du changement climatique\u00a0: en cela, les CTEES jouent un r\u00f4le essentiel en d\u00e9veloppant des solutions durables qui renforcent\u00a0la\u00a0sobri\u00e9t\u00e9 \u00e9nerg\u00e9tique et am\u00e9liorent les conditions de prise en charge des patients et des r\u00e9sidents. C\u2019est pourquoi les pouvoirs publics amplifient\u00a0l\u2019accompagnement,\u00a0la\u00a0mont\u00e9e en comp\u00e9tences et\u00a0l\u2019appui aux\u00a0\u00e9tablissements. \u00a0\n\t\t\t\t <\/p>\n","protected":false},"excerpt":{"rendered":"En vue d\u2019acc\u00e9l\u00e9rer la transition \u00e9cologique sur tout le territoire, les 80 nouveaux postes ont \u00e9t\u00e9 r\u00e9partis en&hellip;\n","protected":false},"author":2,"featured_media":287903,"comment_status":"","ping_status":"","sticky":false,"template":"","format":"standard","meta":{"footnotes":"","_share_on_mastodon":"0"},"categories":[9],"tags":[62578,34022,83,40068,84,23,4308],"class_list":["post-287902","post","type-post","status-publish","format-standard","has-post-thumbnail","category-sante","tag-conseillers","tag-ecologique","tag-health","tag-rse","tag-sante","tag-suisse","tag-transition"],"share_on_mastodon":{"url":"https:\/\/pubeurope.com\/@ch_fr\/117201465972983973","error":""},"_links":{"self":[{"href":"https:\/\/www.europesays.com\/ch-fr\/wp-json\/wp\/v2\/posts\/287902","targetHints":{"allow":["GET"]}}],"collection":[{"href":"https:\/\/www.europesays.com\/ch-fr\/wp-json\/wp\/v2\/posts"}],"about":[{"href":"https:\/\/www.europesays.com\/ch-fr\/wp-json\/wp\/v2\/types\/post"}],"author":[{"embeddable":true,"href":"https:\/\/www.europesays.com\/ch-fr\/wp-json\/wp\/v2\/users\/2"}],"replies":[{"embeddable":true,"href":"https:\/\/www.europesays.com\/ch-fr\/wp-json\/wp\/v2\/comments?post=287902"}],"version-history":[{"count":0,"href":"https:\/\/www.europesays.com\/ch-fr\/wp-json\/wp\/v2\/posts\/287902\/revisions"}],"wp:featuredmedia":[{"embeddable":true,"href":"https:\/\/www.europesays.com\/ch-fr\/wp-json\/wp\/v2\/media\/287903"}],"wp:attachment":[{"href":"https:\/\/www.europesays.com\/ch-fr\/wp-json\/wp\/v2\/media?parent=287902"}],"wp:term":[{"taxonomy":"category","embeddable":true,"href":"https:\/\/www.europesays.com\/ch-fr\/wp-json\/wp\/v2\/categories?post=287902"},{"taxonomy":"post_tag","embeddable":true,"href":"https:\/\/www.europesays.com\/ch-fr\/wp-json\/wp\/v2\/tags?post=287902"}],"curies":[{"name":"wp","href":"https:\/\/api.w.org\/{rel}","templated":true}]}}