{"id":287942,"date":"2026-09-02T12:59:16","date_gmt":"2026-09-02T12:59:16","guid":{"rendered":"https:\/\/www.europesays.com\/ch-fr\/287942\/"},"modified":"2026-09-02T12:59:16","modified_gmt":"2026-09-02T12:59:16","slug":"saint-denis-stephane-bern-compte-transformer-une-piscine-en-skatepark","status":"publish","type":"post","link":"https:\/\/www.europesays.com\/ch-fr\/287942\/","title":{"rendered":"Saint-Denis\u00a0: St\u00e9phane Bern compte transformer une piscine en skatepark"},"content":{"rendered":"<p>La piscine de Saint-Denis, dans le d\u00e9partement de <a href=\"https:\/\/www.20minutes.fr\/societe\/seine-saint-denis\/\" class=\"c-link c-link--is-underlined\" rel=\"nofollow noopener\" target=\"_blank\">Seine-Saint-Denis<\/a>, est une infrastructure embl\u00e9matique de la commune depuis les ann\u00e9es\u00a01970. Alors qu\u2019elle avait d\u00e9finitivement ferm\u00e9 ses portes en\u00a02024, la Mission patrimoine de <a href=\"https:\/\/www.20minutes.fr\/arts-stars\/television\/stephane-bern\/\" class=\"c-link c-link--is-underlined\" rel=\"nofollow noopener\" target=\"_blank\">St\u00e9phane Bern<\/a> va lui offrir une seconde vie, selon les informations <a href=\"https:\/\/actu.fr\/ile-de-france\/saint-denis_93066\/stephane-bern-aide-a-sauver-une-piscine-emblematique-des-annees-70-a-saint-denis_64733536.html#google_vignette\" target=\"_blank\" class=\"c-link c-link--is-underlined\" rel=\"nofollow noopener\">d\u2019Actu.fr<\/a>.<\/p>\n<p>La Fondation du patrimoine, qui d\u00e9ploie la Mission patrimoine, a d\u00e9voil\u00e9 ce lundi les noms des diff\u00e9rents sites s\u00e9lectionn\u00e9s pour percevoir des financements en\u00a02026. La piscine Marville de <a href=\"https:\/\/www.20minutes.fr\/dossier\/saint-denis\" class=\"c-link c-link--is-underlined\" rel=\"nofollow noopener\" target=\"_blank\">Saint-Denis<\/a> en fait partie.<\/p>\n<p>Lutter contre une \u00ab\u00a0d\u00e9gradation irr\u00e9versible\u00a0\u00bb de la piscine<\/p>\n<p>La piscine Marville est une infrastructure qui a \u00e9t\u00e9 labellis\u00e9e \u00ab\u00a0architecture contemporaine remarquable\u00a0\u00bb en\u00a02024. Elle repr\u00e9sente l\u2019architecture innovante au sein de la commune et reste un lieu auquel les habitants sont tr\u00e8s attach\u00e9s. Mais malheureusement, la <a href=\"https:\/\/www.20minutes.fr\/dossier\/piscine\" class=\"c-link c-link--is-underlined\" rel=\"nofollow noopener\" target=\"_blank\">piscine<\/a> est en proie \u00e0 une d\u00e9gradation continue depuis sa fermeture.<\/p>\n<p>\u00ab\u00a0Sans intervention rapide, ces \u00e9l\u00e9ments risquent de subir une d\u00e9gradation irr\u00e9versible\u00a0\u00bb, a expliqu\u00e9 la Fondation du patrimoine. Le d\u00e9partement a donc choisi de mettre le lieu \u00e0 la disposition de l\u2019<a href=\"https:\/\/www.20minutes.fr\/dossier\/association\" class=\"c-link c-link--is-underlined\" rel=\"nofollow noopener\" target=\"_blank\">association<\/a> Flaneurz Roller Skating Club. La piscine deviendra alors un tiers-lieu d\u00e9di\u00e9 au roller. La Mission patrimoine versera prochainement une dotation dont le montant n\u2019est pas encore connu pour soutenir le projet et aider \u00e0 la conservation des fa\u00efences murales et des assises d\u2019origine.<\/p>\n","protected":false},"excerpt":{"rendered":"La piscine de Saint-Denis, dans le d\u00e9partement de Seine-Saint-Denis, est une infrastructure embl\u00e9matique de la commune depuis les&hellip;\n","protected":false},"author":2,"featured_media":287943,"comment_status":"","ping_status":"","sticky":false,"template":"","format":"standard","meta":{"footnotes":"","_share_on_mastodon":"0"},"categories":[20],"tags":[376,193,192,2100,1253,22556,5872,238,227,23],"class_list":["post-287942","post","type-post","status-publish","format-standard","has-post-thumbnail","category-berne","tag-actualite","tag-bern","tag-berne","tag-ile-de-france","tag-piscine","tag-saint-denis","tag-seine-saint-denis","tag-societe","tag-stephane-bern","tag-suisse"],"share_on_mastodon":{"url":"https:\/\/pubeurope.com\/@ch_fr\/117201571809693886","error":""},"_links":{"self":[{"href":"https:\/\/www.europesays.com\/ch-fr\/wp-json\/wp\/v2\/posts\/287942","targetHints":{"allow":["GET"]}}],"collection":[{"href":"https:\/\/www.europesays.com\/ch-fr\/wp-json\/wp\/v2\/posts"}],"about":[{"href":"https:\/\/www.europesays.com\/ch-fr\/wp-json\/wp\/v2\/types\/post"}],"author":[{"embeddable":true,"href":"https:\/\/www.europesays.com\/ch-fr\/wp-json\/wp\/v2\/users\/2"}],"replies":[{"embeddable":true,"href":"https:\/\/www.europesays.com\/ch-fr\/wp-json\/wp\/v2\/comments?post=287942"}],"version-history":[{"count":0,"href":"https:\/\/www.europesays.com\/ch-fr\/wp-json\/wp\/v2\/posts\/287942\/revisions"}],"wp:featuredmedia":[{"embeddable":true,"href":"https:\/\/www.europesays.com\/ch-fr\/wp-json\/wp\/v2\/media\/287943"}],"wp:attachment":[{"href":"https:\/\/www.europesays.com\/ch-fr\/wp-json\/wp\/v2\/media?parent=287942"}],"wp:term":[{"taxonomy":"category","embeddable":true,"href":"https:\/\/www.europesays.com\/ch-fr\/wp-json\/wp\/v2\/categories?post=287942"},{"taxonomy":"post_tag","embeddable":true,"href":"https:\/\/www.europesays.com\/ch-fr\/wp-json\/wp\/v2\/tags?post=287942"}],"curies":[{"name":"wp","href":"https:\/\/api.w.org\/{rel}","templated":true}]}}