{"id":287968,"date":"2026-09-02T13:18:10","date_gmt":"2026-09-02T13:18:10","guid":{"rendered":"https:\/\/www.europesays.com\/ch-fr\/287968\/"},"modified":"2026-09-02T13:18:10","modified_gmt":"2026-09-02T13:18:10","slug":"le-temps-dun-week-end-a-la-gare-de-lausanne-les-cff-ouvrent-aux-visiteurs-le-chantier-du-siecle","status":"publish","type":"post","link":"https:\/\/www.europesays.com\/ch-fr\/287968\/","title":{"rendered":"Le temps d\u2019un week-end, \u00e0 la gare de Lausanne, les CFF ouvrent aux visiteurs le chantier du si\u00e8cle"},"content":{"rendered":"<p>    R\u00e9sum\u00e9 en 20 secondes<\/p>\n<p>        En savoir plus sur ce type de contenu<\/p>\n<p>Ce r\u00e9sum\u00e9 peut avoir \u00e9t\u00e9 \u00e9crit avec l&rsquo;assistance d\u2019une IA g\u00e9n\u00e9rative. <a href=\"https:\/\/www.letemps.ch\/cyber\/l-usage-de-l-ia-generative-par-les-journalistes-du-temps\" rel=\"nofollow noopener\" target=\"_blank\">En savoir plus<\/a><\/p>\n<p class=\"article__abstract-call-to-action\" data-ariato=\"TrackableElement\" data-trackable-element-type=\"article_abstract_cta\" data-trackable-element-location=\"article_header\" data-trackable-element-id=\"541337\">\n        <a data-event=\"click-&gt;clicked\" href=\"https:\/\/www.letemps.ch\/abonnements\" rel=\"nofollow noopener\" target=\"_blank\">Abonnez-vous<\/a> pour acc\u00e9der au r\u00e9sum\u00e9 en 20 secondes.\n      <\/p>\n<p>Sur la place de la Gare de Lausanne, le vacarme des engins de chantier masque \u00e0 peine l\u2019ampleur de la m\u00e9tamorphose. Devis\u00e9 \u00e0 1,7\u00a0milliard de francs, le chantier de transformation du n\u0153ud ferroviaire vaudois <a href=\"https:\/\/company.sbb.ch\/fr\/developpement-ferroviaire\/projets\/suisse-romande-valais\/leman-2030\/nos-projets\/gare-lausanne\/portes-ouvertes.html\" rel=\"nofollow noopener\" target=\"_blank\">s\u2019ouvre au public ce week-end des 5 et 6\u00a0septembre 2026<\/a>, dans le but de pr\u00e9senter l\u2019avanc\u00e9e des travaux. Un \u00e9v\u00e9nement attendu par la population apr\u00e8s une interminable s\u00e9rie de retards, de blocages politiques et de tensions fratricides entre l\u2019Office f\u00e9d\u00e9ral des transports et les CFF, qui ont longtemps paralys\u00e9 le projet. En amont de cet \u00e9v\u00e9nement, o\u00f9 sont attendus des milliers de visiteurs, une visite guid\u00e9e s\u2019est d\u00e9roul\u00e9e sous la conduite de Patrick Carruzzo. En tant que directeur des projets du secteur de la gare de Lausanne, il supervise au quotidien ce chantier titanesque, permettant d\u2019appr\u00e9cier la prouesse technique et logistique d\u00e9ploy\u00e9e en plein c\u0153ur urbain.<\/p>\n<p>Actuellement, 110 collaborateurs s\u2019activent chaque jour sur l\u2019ensemble des zones d\u2019intervention. Financ\u00e9 conjointement par la Conf\u00e9d\u00e9ration, le canton de Vaud, la ville de Lausanne et les CFF, le projet a d\u00e9j\u00e0 englouti 619\u00a0millions de francs. L\u2019ambition est colossale: moderniser les infrastructures, rallonger les quais et cr\u00e9er une immense zone intermodale souterraine, \u00abun peu \u00e0 l\u2019image de la gare de Berne\u00bb.<\/p>\n","protected":false},"excerpt":{"rendered":"R\u00e9sum\u00e9 en 20 secondes En savoir plus sur ce type de contenu Ce r\u00e9sum\u00e9 peut avoir \u00e9t\u00e9 \u00e9crit&hellip;\n","protected":false},"author":2,"featured_media":287969,"comment_status":"","ping_status":"","sticky":false,"template":"","format":"standard","meta":{"footnotes":"","_share_on_mastodon":"0"},"categories":[19],"tags":[1318,177,174,23,956,5883],"class_list":["post-287968","post","type-post","status-publish","format-standard","has-post-thumbnail","category-lausanne","tag-cff","tag-lausanne","tag-premium","tag-suisse","tag-transports","tag-urbanisme"],"share_on_mastodon":{"url":"https:\/\/pubeurope.com\/@ch_fr\/117201646716854660","error":""},"_links":{"self":[{"href":"https:\/\/www.europesays.com\/ch-fr\/wp-json\/wp\/v2\/posts\/287968","targetHints":{"allow":["GET"]}}],"collection":[{"href":"https:\/\/www.europesays.com\/ch-fr\/wp-json\/wp\/v2\/posts"}],"about":[{"href":"https:\/\/www.europesays.com\/ch-fr\/wp-json\/wp\/v2\/types\/post"}],"author":[{"embeddable":true,"href":"https:\/\/www.europesays.com\/ch-fr\/wp-json\/wp\/v2\/users\/2"}],"replies":[{"embeddable":true,"href":"https:\/\/www.europesays.com\/ch-fr\/wp-json\/wp\/v2\/comments?post=287968"}],"version-history":[{"count":0,"href":"https:\/\/www.europesays.com\/ch-fr\/wp-json\/wp\/v2\/posts\/287968\/revisions"}],"wp:featuredmedia":[{"embeddable":true,"href":"https:\/\/www.europesays.com\/ch-fr\/wp-json\/wp\/v2\/media\/287969"}],"wp:attachment":[{"href":"https:\/\/www.europesays.com\/ch-fr\/wp-json\/wp\/v2\/media?parent=287968"}],"wp:term":[{"taxonomy":"category","embeddable":true,"href":"https:\/\/www.europesays.com\/ch-fr\/wp-json\/wp\/v2\/categories?post=287968"},{"taxonomy":"post_tag","embeddable":true,"href":"https:\/\/www.europesays.com\/ch-fr\/wp-json\/wp\/v2\/tags?post=287968"}],"curies":[{"name":"wp","href":"https:\/\/api.w.org\/{rel}","templated":true}]}}