{"id":287990,"date":"2026-09-02T13:31:09","date_gmt":"2026-09-02T13:31:09","guid":{"rendered":"https:\/\/www.europesays.com\/ch-fr\/287990\/"},"modified":"2026-09-02T13:31:09","modified_gmt":"2026-09-02T13:31:09","slug":"gaz-les-prix-devraient-etre-orientes-a-la-hausse-cet-hiver-malgre-un-stockage-a-un-niveau-rassurant-selon-le-regulateur-de-lenergie-02-09-2026-a-1443","status":"publish","type":"post","link":"https:\/\/www.europesays.com\/ch-fr\/287990\/","title":{"rendered":"Gaz : \u00ab\u00a0Les prix devraient \u00eatre orient\u00e9s \u00e0 la hausse\u00a0\u00bb cet hiver, malgr\u00e9 un stockage \u00e0 un niveau \u00ab\u00a0rassurant\u00a0\u00bb, selon le r\u00e9gulateur de l&rsquo;\u00e9nergie &#8211; 02\/09\/2026 \u00e0 14:43"},"content":{"rendered":"<p>        <img decoding=\"async\" src=\"https:\/\/www.europesays.com\/ch-fr\/wp-content\/uploads\/2026\/09\/fe6d6bfccec95fdefff8ce773a53678d-760x507.jpg\" alt=\"( AFP \/ CHARLY TRIBALLEAU )\" loading=\"eager\" fetchpriority=\"high\" width=\"760\" height=\"507\" style=\"max-width: 100%!important; height: auto;\"\/><\/p>\n<p class=\"c-image-news__legend\">( AFP \/ CHARLY TRIBALLEAU )<\/p>\n<p> \u00ab\u00a0On est compl\u00e8tement d\u00e9pendant des march\u00e9s internationaux\u00a0\u00bb et \u00ab\u00a0avec la guerre en Iran, \u00e7a fait monter les prix du gaz\u00a0\u00bb, a soulign\u00e9 Emmanuelle Wargon, pr\u00e9sidente de la Commission de r\u00e9gulation de l\u2019\u00e9nergie (CRE), ce mercredi 2 septembre sur RMC.<\/p>\n<p>\n Un hiver au chaud, mais \u00e0 quel prix ? Selon la pr\u00e9sidente de la Commission de r\u00e9gulation de l\u2019\u00e9nergie (CRE), Emmanuelle Wargon,<\/p>\n<p>  le stockage de gaz en France est \u00e0 un niveau \u00ab\u00a0relativement rassurant\u00a0\u00bb<\/p>\n<p> en vue de la saison qui arrive, mais les prix devraient \u00eatre<\/p>\n<p>  orient\u00e9s \u00e0 la hausse,<\/p>\n<p> a-t-elle affirm\u00e9 ce mercredi 2 septembre. \u00ab\u00a0Sur la partie approvisionnement cet hiver, est-ce qu&rsquo;on va avoir du gaz ? On est \u00e9videmment toujours vigilant, on suit \u00e7a de tr\u00e8s pr\u00e8s, mais<\/p>\n<p>  les derniers chiffres sont relativement rassurants\u00a0\u00bb,<\/p>\n<p> a-t-elle d\u00e9clar\u00e9 sur<\/p>\n<p>  RMC.<\/p>\n<p>\n \u00ab\u00a0On est \u00e0<\/p>\n<p>  71,3% de remplissage<\/p>\n<p> de nos stockages\u00a0\u00bb, a-t-elle poursuivi, en indiquant que l\u2019objectif \u00e9tait d\u2019atteindre 85% \u00e0 l\u2019entr\u00e9e dans l&rsquo;hiver. \u00ab\u00a0Tous les stockages ont \u00e9t\u00e9 souscrits par des entreprises qui se sont engag\u00e9es \u00e0 les remplir et donc<\/p>\n<p>  on est assez confiant\u00a0\u00bb,<\/p>\n<p> a-t-elle assur\u00e9. D\u2019autant que la France, qui importe 95% de sa consommation de gaz, ne d\u00e9pend pas uniquement des stockages mais \u00e9galement des<\/p>\n<p>  importations par gazoduc,<\/p>\n<p> notamment de Norv\u00e8ge, et de<\/p>\n<p>  gaz liqu\u00e9fi\u00e9<\/p>\n<p> via ses quatre terminaux m\u00e9thaniers, a-t-elle rappel\u00e9.\n<\/p>\n<p> Augmentation de 5,6% du prix de r\u00e9f\u00e9rence du gaz pour septembre<\/p>\n<p>\n En revanche,<\/p>\n<p>  la hausse des prix<\/p>\n<p> sur les march\u00e9s mondiaux va continuer \u00e0 se faire sentir, a-t-elle pr\u00e9venu.<\/p>\n<p>  \u00ab\u00a0On est compl\u00e8tement d\u00e9pendant des march\u00e9s internationaux.<\/p>\n<p> Et c&rsquo;est vrai qu&rsquo;avec tout ce qui se passe, la guerre en Iran, forc\u00e9ment, \u00e7a fait monter les prix du gaz\u00a0\u00bb, a soulign\u00e9 Emmanuelle Wargon. \u00ab\u00a0Donc \u00e9videmment, on est plut\u00f4t dans une tendance dans laquelle on constate<\/p>\n<p>  des prix du gaz qui sont plus \u00e9lev\u00e9s que dans la p\u00e9riode pr\u00e9c\u00e9dente\u00a0\u00bb,<\/p>\n<p> a-t-elle ajout\u00e9, en rappelant que le prix de r\u00e9f\u00e9rence du gaz pour septembre avait augment\u00e9 de 5,6%. Cette hausse de 5,6% par rapport au 1er ao\u00fbt concerne les quelque 6 millions de m\u00e9nages ayant souscrit une offre de fournisseur index\u00e9e sur ce prix moyen, qui varie tous les mois, soit environ<\/p>\n<p>  60% des abonn\u00e9s r\u00e9sidentiels au gaz.<\/p>\n<p> Les autres m\u00e9nages qui ont souscrit une offre \u00e0 prix fixe ne seront de fait pas concern\u00e9s par cette hausse.\n<\/p>\n<p>\n L&rsquo;augmentation des prix du gaz devrait en revanche n&rsquo;avoir qu&rsquo;un<\/p>\n<p>  impact marginal sur ceux de l\u2019\u00e9lectricit\u00e9<\/p>\n<p> compte tenu de la \u00ab\u00a0bonne disponibilit\u00e9\u00a0\u00bb des moyens de production \u00e9lectrique nucl\u00e9aire, hydraulique et renouvelable de la France, a estim\u00e9 Emmanuelle Wargon. \u00ab\u00a0On a quand m\u00eame besoin d&rsquo;un peu de gaz pour faire de l&rsquo;\u00e9lectricit\u00e9 en hiver. Donc nos prix ont augment\u00e9 un peu en \u00e9lectricit\u00e9 aussi\u00a0\u00bb, a-t-elle expliqu\u00e9, mais \u00ab\u00a0moins que dans le reste de l&rsquo;Europe et ils restent<\/p>\n<p>  beaucoup plus bas que dans le reste de l&rsquo;Europe\u00a0\u00bb.<\/p>\n","protected":false},"excerpt":{"rendered":"( AFP \/ CHARLY TRIBALLEAU ) \u00ab\u00a0On est compl\u00e8tement d\u00e9pendant des march\u00e9s internationaux\u00a0\u00bb et \u00ab\u00a0avec la guerre en&hellip;\n","protected":false},"author":2,"featured_media":287991,"comment_status":"","ping_status":"","sticky":false,"template":"","format":"standard","meta":{"footnotes":"","_share_on_mastodon":"0"},"categories":[6],"tags":[48,46,56,45,53,44,43,51,50,47,52,49,23,54,55],"class_list":["post-287990","post","type-post","status-publish","format-standard","has-post-thumbnail","category-economie","tag-action-cac-40","tag-bourse-de-paris","tag-boursorama","tag-business","tag-cotations","tag-economie","tag-economy","tag-indices-devises","tag-investir","tag-investissement","tag-marche-boursier","tag-sicav","tag-suisse","tag-trackers","tag-warrants"],"share_on_mastodon":{"url":"https:\/\/pubeurope.com\/@ch_fr\/117201698355184507","error":""},"_links":{"self":[{"href":"https:\/\/www.europesays.com\/ch-fr\/wp-json\/wp\/v2\/posts\/287990","targetHints":{"allow":["GET"]}}],"collection":[{"href":"https:\/\/www.europesays.com\/ch-fr\/wp-json\/wp\/v2\/posts"}],"about":[{"href":"https:\/\/www.europesays.com\/ch-fr\/wp-json\/wp\/v2\/types\/post"}],"author":[{"embeddable":true,"href":"https:\/\/www.europesays.com\/ch-fr\/wp-json\/wp\/v2\/users\/2"}],"replies":[{"embeddable":true,"href":"https:\/\/www.europesays.com\/ch-fr\/wp-json\/wp\/v2\/comments?post=287990"}],"version-history":[{"count":0,"href":"https:\/\/www.europesays.com\/ch-fr\/wp-json\/wp\/v2\/posts\/287990\/revisions"}],"wp:featuredmedia":[{"embeddable":true,"href":"https:\/\/www.europesays.com\/ch-fr\/wp-json\/wp\/v2\/media\/287991"}],"wp:attachment":[{"href":"https:\/\/www.europesays.com\/ch-fr\/wp-json\/wp\/v2\/media?parent=287990"}],"wp:term":[{"taxonomy":"category","embeddable":true,"href":"https:\/\/www.europesays.com\/ch-fr\/wp-json\/wp\/v2\/categories?post=287990"},{"taxonomy":"post_tag","embeddable":true,"href":"https:\/\/www.europesays.com\/ch-fr\/wp-json\/wp\/v2\/tags?post=287990"}],"curies":[{"name":"wp","href":"https:\/\/api.w.org\/{rel}","templated":true}]}}