{"id":288030,"date":"2026-09-02T13:55:33","date_gmt":"2026-09-02T13:55:33","guid":{"rendered":"https:\/\/www.europesays.com\/ch-fr\/288030\/"},"modified":"2026-09-02T13:55:33","modified_gmt":"2026-09-02T13:55:33","slug":"novartis-le-groupe-supprime-130-postes-a-bale-dici-a-2027","status":"publish","type":"post","link":"https:\/\/www.europesays.com\/ch-fr\/288030\/","title":{"rendered":"Novartis: le groupe supprime 130\u00a0postes \u00e0 B\u00e2le d\u2019ici \u00e0 2027"},"content":{"rendered":"\n<p>        \u2013   <\/p>\n<p> Novartis restructure sa production biologique et menace 130\u00a0emplois <\/p>\n<p class=\"lead regular externalicon-big astro-odojtzmo\"> Le groupe rh\u00e9nan r\u00e9organise ses activit\u00e9s \u00e0 B\u00e2le en fermant une unit\u00e9 de production de m\u00e9dicaments biologiques. L\u2019avenir des employ\u00e9s concern\u00e9s reste incertain.  <\/p>\n<p>               Mis \u00e0 jour il y a 13 minutes                             LinkedIn Lien copi\u00e9 Error occurred        Facebook Lien copi\u00e9 Error occurred        X Lien copi\u00e9 Error occurred           E-mail Lien copi\u00e9 Error occurred        Copier le lien Lien copi\u00e9 Error occurred                      <img decoding=\"async\" loading=\"eager\" fetchpriority=\"high\" src=\"https:\/\/www.europesays.com\/ch-fr\/wp-content\/uploads\/2026\/09\/2nQ7Rugv4ADByQnUI1Pt1x.jpg\" data-image-url=\"https:\/\/www.europesays.com\/ch-fr\/wp-content\/uploads\/2026\/09\/2nQ7Rugv4ADByQnUI1Pt1x.jpg\" alt=\"Si\u00e8ge social de Novartis AG \u00e0 B\u00e2le, Suisse, avec le logo de la multinationale pharmaceutique visible sur la fa\u00e7ade du b\u00e2timent.\" title=\"Si\u00e8ge social de Novartis AG \u00e0 B\u00e2le, Suisse, avec le logo de la multinationale pharmaceutique visible sur la fa\u00e7ade du b\u00e2timent.\" class=\"ResponsiveImage responsive-image astro-xbt4piv4\" style=\"background-color:#A5A7AF\" onload=\"this.style.backgroundColor = &quot;transparent&quot;\"\/>           <\/p>\n<p>Le groupe rh\u00e9nan r\u00e9organise ses activit\u00e9s \u00e0 B\u00e2le en fermant une unit\u00e9 de production de m\u00e9dicaments biologiques.<\/p>\n<p>Getty Images<\/p>\n<p class=\"astro-gkn4pfbc articleParagraph externalicon-big focus _content-width article-element astro-bqhs6jcx\">Le groupe pharmaceutique <a class=\"noExternalIcon astro-bqhs6jcx\" target=\"_self\" href=\"https:\/\/www.24heures.ch\/novartis-feu-vert-europeen-pour-son-traitement-itvisma-787961404118\" data-article-link=\"https:\/\/www.24heures.ch\/novartis-feu-vert-europeen-pour-son-traitement-itvisma-787961404118\" rel=\"nofollow noopener\">Novartis<\/a> pr\u00e9voit d\u2019arr\u00eater, d\u2019ici \u00e0 2027, la production en petits volumes de m\u00e9dicaments biologiques <a class=\" astro-bqhs6jcx\" target=\"_blank\" rel=\"noopener noreferrer nofollow\" href=\"https:\/\/www.novartis.com\/ch-fr\/\" data-article-link=\"https:\/\/www.novartis.com\/ch-fr\/\">\u00e0 B\u00e2le,<\/a> ce qui pourrait affecter environ 130\u00a0postes de travail, a annonc\u00e9 mercredi le g\u00e9ant rh\u00e9nan.<\/p>\n<p class=\"astro-gkn4pfbc articleParagraph externalicon-big focus _content-width article-element astro-bqhs6jcx\">Les laboratoires charg\u00e9s d\u2019assurer le soutien aux banques de cellules biologiques, aux essais analytiques ainsi qu\u2019aux activit\u00e9s de d\u00e9veloppement technique doivent \u00eatre d\u00e9plac\u00e9s d\u2019ici \u00e0 la fin 2028 du quartier de Petit-B\u00e2le au campus de Novartis. Ce dernier pr\u00e9voit de transformer son campus rh\u00e9nan en centre pour les traitements biologiques, a pr\u00e9cis\u00e9 le groupe dans un communiqu\u00e9.<\/p>\n<p class=\"boxtitle astro-hwrdf5ss astro-bqhs6jcx\">Sur Novartis<\/p>\n<p>      Newsletter    <\/p>\n<p>\u00abConso\u00bb<\/p>\n<p> Comparatifs, nouvelles tendances et conseils pour garder la main sur votre porte-monnaie. Chaque mardi. <\/p>\n<p class=\"astro-2yzsvld2\"> <a class=\"more astro-2yzsvld2\" href=\"https:\/\/www.24heures.ch\/nos-newsletters\" rel=\"nofollow noopener\" target=\"_blank\"> Autres newsletters <\/a> <\/p>\n<p>       Se connecter             <\/p>\n<p class=\"agencies content-width astro-64vvwsap\"> ATS <\/p>\n<p class=\"Feedback content-width astro-im37cnz2\"> Vous avez trouv\u00e9 une erreur? <a href=\"https:\/\/www.24heures.ch\/mailto:tes_correction@tamedia.ch?subject=Avis%20d\" erreur=\"\" class=\"feedbacklink _underlinelink astro-im37cnz2\" rel=\"nofollow noopener\" target=\"_blank\"> Merci de nous la signaler. <\/a> <\/p>\n<p>Le groupe rh\u00e9nan r\u00e9organise ses activit\u00e9s \u00e0 B\u00e2le en fermant une unit\u00e9 de production de m\u00e9dicaments biologiques.<\/p>\n<p>Getty Images<\/p>\n","protected":false},"excerpt":{"rendered":"\u2013 Novartis restructure sa production biologique et menace 130\u00a0emplois Le groupe rh\u00e9nan r\u00e9organise ses activit\u00e9s \u00e0 B\u00e2le en&hellip;\n","protected":false},"author":2,"featured_media":288031,"comment_status":"","ping_status":"","sticky":false,"template":"","format":"standard","meta":{"footnotes":"","_share_on_mastodon":"0"},"categories":[18],"tags":[175,176,11309,23],"class_list":["post-288030","post","type-post","status-publish","format-standard","has-post-thumbnail","category-bale","tag-bale","tag-basel","tag-facts","tag-suisse"],"share_on_mastodon":{"url":"https:\/\/pubeurope.com\/@ch_fr\/117201792575608897","error":""},"_links":{"self":[{"href":"https:\/\/www.europesays.com\/ch-fr\/wp-json\/wp\/v2\/posts\/288030","targetHints":{"allow":["GET"]}}],"collection":[{"href":"https:\/\/www.europesays.com\/ch-fr\/wp-json\/wp\/v2\/posts"}],"about":[{"href":"https:\/\/www.europesays.com\/ch-fr\/wp-json\/wp\/v2\/types\/post"}],"author":[{"embeddable":true,"href":"https:\/\/www.europesays.com\/ch-fr\/wp-json\/wp\/v2\/users\/2"}],"replies":[{"embeddable":true,"href":"https:\/\/www.europesays.com\/ch-fr\/wp-json\/wp\/v2\/comments?post=288030"}],"version-history":[{"count":0,"href":"https:\/\/www.europesays.com\/ch-fr\/wp-json\/wp\/v2\/posts\/288030\/revisions"}],"wp:featuredmedia":[{"embeddable":true,"href":"https:\/\/www.europesays.com\/ch-fr\/wp-json\/wp\/v2\/media\/288031"}],"wp:attachment":[{"href":"https:\/\/www.europesays.com\/ch-fr\/wp-json\/wp\/v2\/media?parent=288030"}],"wp:term":[{"taxonomy":"category","embeddable":true,"href":"https:\/\/www.europesays.com\/ch-fr\/wp-json\/wp\/v2\/categories?post=288030"},{"taxonomy":"post_tag","embeddable":true,"href":"https:\/\/www.europesays.com\/ch-fr\/wp-json\/wp\/v2\/tags?post=288030"}],"curies":[{"name":"wp","href":"https:\/\/api.w.org\/{rel}","templated":true}]}}