{"id":288060,"date":"2026-09-02T14:15:05","date_gmt":"2026-09-02T14:15:05","guid":{"rendered":"https:\/\/www.europesays.com\/ch-fr\/288060\/"},"modified":"2026-09-02T14:15:05","modified_gmt":"2026-09-02T14:15:05","slug":"roy-lichtenstein-a-bale-une-grande-retrospective-pop-art","status":"publish","type":"post","link":"https:\/\/www.europesays.com\/ch-fr\/288060\/","title":{"rendered":"Roy Lichtenstein \u00e0 B\u00e2le : une grande r\u00e9trospective pop art"},"content":{"rendered":"<p>Jusqu&rsquo;au 14 mars 2027, le Kunstmuseum de B\u00e2le pr\u00e9sente &lsquo;Sweet Dreams, Baby!&rsquo;, une cinquantaine d&rsquo;oeuvres du pionnier am\u00e9ricain du pop art, Roy Lichtenstein. De nombreuses estampes, issues d&rsquo;un don exceptionnel de la fondation de l&rsquo;artiste, sont expos\u00e9es pour la premi\u00e8re fois.<\/p>\n<p>Pionnier du pop art am\u00e9ricain, Roy Lichtenstein (1923-1997) a marqu\u00e9 l&rsquo;histoire de l&rsquo;art en brisant la fronti\u00e8re entre culture populaire et beaux-arts. R\u00e9v\u00e9l\u00e9 au grand public en 1961 gr\u00e2ce \u00e0 son tableau &lsquo;Look Mickey&rsquo;, l&rsquo;artiste s&rsquo;approprie l&rsquo;esth\u00e9tique des bandes dessin\u00e9es et s&rsquo;impose gr\u00e2ce \u00e0 son style compos\u00e9 de contours noirs \u00e9pais, de couleurs primaires et de points de trame. Au-del\u00e0 des comics, Roy Lichtenstein a aussi r\u00e9interpr\u00e9t\u00e9 les grands ma\u00eetres de la peinture, tout en explorant la sculpture.<\/p>\n<p> <img decoding=\"async\" src=\"https:\/\/www.europesays.com\/ch-fr\/wp-content\/uploads\/2026\/09\/89c27335-29338754.image.jpeg\" alt=\"'Hopeless', une des oeuvres de Roy Lichtenstein expos\u00e9e au Kunstmuseum de B\u00e2le. [Estate of Roy Lichtenstein \/ 2026, ProLitteris, Zurich - Jonas H\u00e4nggi]\" title=\"'Hopeless', une des oeuvres de Roy Lichtenstein expos\u00e9e au Kunstmuseum de B\u00e2le. [Estate of Roy Lichtenstein \/ 2026, ProLitteris, Zurich - Jonas H\u00e4nggi]\" loading=\"lazy\"\/>  &lsquo;Hopeless&rsquo;, une des oeuvres de Roy Lichtenstein expos\u00e9e au Kunstmuseum de B\u00e2le. [Estate of Roy Lichtenstein \/ 2026, ProLitteris, Zurich &#8211; Jonas H\u00e4nggi] <\/p>\n<p>A l&rsquo;occasion du centenaire de la naissance de l&rsquo;artiste en 2023, la Roy Lichtenstein Foundation a distribu\u00e9 une centaine d&rsquo;estampes \u00e0 trois institutions europ\u00e9ennes: l&rsquo;Albertina de Vienne, le British Museum de Londres et le Kunstmuseum de B\u00e2le. Parmi les pi\u00e8ces accueillies \u00e0 B\u00e2le figurent les &lsquo;Paper Plates&rsquo; (1969) imprim\u00e9es, une r\u00e9interpr\u00e9tation du &lsquo;Semeur&rsquo; de Vincent Van Gogh (1985) ou encore le monumental &lsquo;Wallpaper with Blue Floor Interior&rsquo; (1992).<\/p>\n<p>Amour de l&rsquo;exp\u00e9rimentation<\/p>\n<p>Au cours de sa carri\u00e8re, Roy Lichtenstein a cr\u00e9\u00e9 plus de 350 s\u00e9rigraphies, eaux-fortes, lithographies et gravures sur bois ou sur linol\u00e9um, caract\u00e9ristiques de son univers visuel color\u00e9. Connu pour son esth\u00e9tique de la bande dessin\u00e9e, cette p\u00e9riode n&rsquo;a pourtant occup\u00e9 qu&rsquo;une courte partie de sa vie. D\u00e8s le milieu des ann\u00e9es 1960, Lichtenstein \u00e9largit consid\u00e9rablement ses horizons en r\u00e9interpr\u00e9tant des ma\u00eetres de la peinture, tels que Picasso, Monet ou C\u00e9zanne.<\/p>\n<p> &gt;&gt; A voir, le sujet du 12h45 consacr\u00e9 \u00e0 Roy Lichtenstein\u00a0:   <img decoding=\"async\" class=\"embed-responsive-item\" loading=\"lazy\" src=\"https:\/\/www.europesays.com\/ch-fr\/wp-content\/uploads\/2026\/09\/bb2963e7-29337742.image.jpeg\" alt=\"Le Kunstmuseum de B\u00e2le propose une expo consacr\u00e9e \u00e0 Roy Lichtenstein\"\/>    Le Kunstmuseum de B\u00e2le propose une expo consacr\u00e9e \u00e0 Roy Lichtenstein \/ 12h45 \/ 2 min. \/ le 25 ao\u00fbt 2026 <\/p>\n<p>D\u00e8s la fin des ann\u00e9es 1960, l&rsquo;artiste collabore avec des ateliers d&rsquo;impression renomm\u00e9s et produit des s\u00e9ries et estampes individuelles d&rsquo;une grande ma\u00eetrise technique. L&rsquo;\u0153uvre &lsquo;Portrait&rsquo; (1989), par exemple, a n\u00e9cessit\u00e9 dix-huit \u00e9tapes d&rsquo;impression combinant quatre techniques diff\u00e9rentes: lithographie, gravure sur bois, s\u00e9rigraphie ainsi qu&rsquo;un proc\u00e9d\u00e9 \u00e0 base de cire sp\u00e9cialement d\u00e9velopp\u00e9 pour le projet.<\/p>\n<p> <img decoding=\"async\" src=\"https:\/\/www.europesays.com\/ch-fr\/wp-content\/uploads\/2026\/09\/dde67c39-29338799.image.jpeg\" alt=\"La lithographie en couleurs PORTRAIT (1989) de Roy Lichtenstein expos\u00e9e au Kunstmuseum de B\u00e2le, le 20 ao\u00fbt 2026. [\u00a9 KEYSTONE \/ GEORGIOS KEFALAS - GEORGIOS KEFALAS]\" title=\"La lithographie en couleurs PORTRAIT (1989) de Roy Lichtenstein expos\u00e9e au Kunstmuseum de B\u00e2le, le 20 ao\u00fbt 2026. [\u00a9 KEYSTONE \/ GEORGIOS KEFALAS - GEORGIOS KEFALAS]\" loading=\"lazy\"\/>  La lithographie en couleurs PORTRAIT (1989) de Roy Lichtenstein expos\u00e9e au Kunstmuseum de B\u00e2le, le 20 ao\u00fbt 2026. [\u00a9 KEYSTONE \/ GEORGIOS KEFALAS &#8211; GEORGIOS KEFALAS] <\/p>\n<p>Roy Lichtenstein s&rsquo;adonne \u00e9galement \u00e0 la sculpture, \u00e0 la gravure, r\u00e9alise d&rsquo;immenses oeuvres publiques, notamment une peinture murale de porcelaine \u00e9maill\u00e9e \u00e0 la station Times Square du m\u00e9tro de New York. A Barcelone, &lsquo;El Cap de Barcelona&rsquo; est une \u0153uvre pop art de 15 m\u00e8tres de haut, cr\u00e9\u00e9 \u00e0 l&rsquo;occasion des Jeux Olympiques. A la fin de sa carri\u00e8re, dans les ann\u00e9es 1990, Roy Lichtenstein continue d&rsquo;exp\u00e9rimenter, en explorant les th\u00e8mes des int\u00e9rieurs domestiques, des nus f\u00e9minins et des paysages traditionnels chinois.<\/p>\n<p class=\"sources\">ats\/sc<\/p>\n<p class=\"article-footnote\">&lsquo;Sweet Dreams, Baby!&rsquo;, Kunstmuseum de B\u00e2le, du 22 ao\u00fbt 2026 au 14 mars 2027.<\/p>\n","protected":false},"excerpt":{"rendered":"Jusqu&rsquo;au 14 mars 2027, le Kunstmuseum de B\u00e2le pr\u00e9sente &lsquo;Sweet Dreams, Baby!&rsquo;, une cinquantaine d&rsquo;oeuvres du pionnier am\u00e9ricain&hellip;\n","protected":false},"author":2,"featured_media":288061,"comment_status":"","ping_status":"","sticky":false,"template":"","format":"standard","meta":{"footnotes":"","_share_on_mastodon":"0"},"categories":[18],"tags":[1475,1366,380,2420,175,176,172,6943,24182,210,62643,2980,23,62644,427],"class_list":["post-288060","post","type-post","status-publish","format-standard","has-post-thumbnail","category-bale","tag-art","tag-artiste","tag-arts-et-divertissement","tag-arts-visuels","tag-bale","tag-basel","tag-culture","tag-fondation","tag-kunstmuseum-wolfsburg","tag-peinture","tag-roy-lichtenstein","tag-style","tag-suisse","tag-sweet-dreams-are-made-of-this","tag-tourisme"],"share_on_mastodon":{"url":"https:\/\/pubeurope.com\/@ch_fr\/117201871280758616","error":""},"_links":{"self":[{"href":"https:\/\/www.europesays.com\/ch-fr\/wp-json\/wp\/v2\/posts\/288060","targetHints":{"allow":["GET"]}}],"collection":[{"href":"https:\/\/www.europesays.com\/ch-fr\/wp-json\/wp\/v2\/posts"}],"about":[{"href":"https:\/\/www.europesays.com\/ch-fr\/wp-json\/wp\/v2\/types\/post"}],"author":[{"embeddable":true,"href":"https:\/\/www.europesays.com\/ch-fr\/wp-json\/wp\/v2\/users\/2"}],"replies":[{"embeddable":true,"href":"https:\/\/www.europesays.com\/ch-fr\/wp-json\/wp\/v2\/comments?post=288060"}],"version-history":[{"count":0,"href":"https:\/\/www.europesays.com\/ch-fr\/wp-json\/wp\/v2\/posts\/288060\/revisions"}],"wp:featuredmedia":[{"embeddable":true,"href":"https:\/\/www.europesays.com\/ch-fr\/wp-json\/wp\/v2\/media\/288061"}],"wp:attachment":[{"href":"https:\/\/www.europesays.com\/ch-fr\/wp-json\/wp\/v2\/media?parent=288060"}],"wp:term":[{"taxonomy":"category","embeddable":true,"href":"https:\/\/www.europesays.com\/ch-fr\/wp-json\/wp\/v2\/categories?post=288060"},{"taxonomy":"post_tag","embeddable":true,"href":"https:\/\/www.europesays.com\/ch-fr\/wp-json\/wp\/v2\/tags?post=288060"}],"curies":[{"name":"wp","href":"https:\/\/api.w.org\/{rel}","templated":true}]}}