{"id":288074,"date":"2026-09-02T14:25:10","date_gmt":"2026-09-02T14:25:10","guid":{"rendered":"https:\/\/www.europesays.com\/ch-fr\/288074\/"},"modified":"2026-09-02T14:25:10","modified_gmt":"2026-09-02T14:25:10","slug":"servette-recrute-lattaquant-zambien-kingstone-mutandwa","status":"publish","type":"post","link":"https:\/\/www.europesays.com\/ch-fr\/288074\/","title":{"rendered":"Servette recrute l&rsquo;attaquant zambien Kingstone Mutandwa"},"content":{"rendered":"<p>Servette se renforce en recrutant l&rsquo;attaquant zambien Kingstone Mutandwa. Le joueur de 23 ans rejoint le club genevois sous forme de pr\u00eat avec option d&rsquo;achat, comme l&rsquo;a annonc\u00e9 le club.<\/p>\n<p>Mutandwa est encore sous contrat jusqu&rsquo;en 2030 avec le club de Serie A de Cagliari, mais il avait \u00e9t\u00e9 pr\u00eat\u00e9 au SV Ried la saison derni\u00e8re. Sous les couleurs du club autrichien, il a inscrit 14 buts en 29 matches de championnat, terminant la saison en tant que deuxi\u00e8me meilleur buteur de la comp\u00e9tition.<\/p>\n<p>Contenu externe<\/p>\n<p> Ce contenu externe ne peut pas \u00eatre affich\u00e9 car il est susceptible de collecter des donn\u00e9es personnelles. Pour voir ce contenu vous devez autoriser la cat\u00e9gorie R\u00e9seaux sociaux. <\/p>\n<p> Accepter Plus d&rsquo;info <\/p>\n<p class=\"sources\">ats\/efas<\/p>\n","protected":false},"excerpt":{"rendered":"Servette se renforce en recrutant l&rsquo;attaquant zambien Kingstone Mutandwa. Le joueur de 23 ans rejoint le club genevois&hellip;\n","protected":false},"author":2,"featured_media":288075,"comment_status":"","ping_status":"","sticky":false,"template":"","format":"standard","meta":{"footnotes":"","_share_on_mastodon":"0"},"categories":[8],"tags":[3637,996,182,62645,1407,186,75,23,188,14528],"class_list":["post-288074","post","type-post","status-publish","format-standard","has-post-thumbnail","category-sports","tag-achat","tag-club","tag-football","tag-kingstone-mutandwa","tag-servette-fc","tag-sport","tag-sports","tag-suisse","tag-super-league","tag-transfert-sport"],"share_on_mastodon":{"url":"https:\/\/pubeurope.com\/@ch_fr\/117201910524887416","error":""},"_links":{"self":[{"href":"https:\/\/www.europesays.com\/ch-fr\/wp-json\/wp\/v2\/posts\/288074","targetHints":{"allow":["GET"]}}],"collection":[{"href":"https:\/\/www.europesays.com\/ch-fr\/wp-json\/wp\/v2\/posts"}],"about":[{"href":"https:\/\/www.europesays.com\/ch-fr\/wp-json\/wp\/v2\/types\/post"}],"author":[{"embeddable":true,"href":"https:\/\/www.europesays.com\/ch-fr\/wp-json\/wp\/v2\/users\/2"}],"replies":[{"embeddable":true,"href":"https:\/\/www.europesays.com\/ch-fr\/wp-json\/wp\/v2\/comments?post=288074"}],"version-history":[{"count":0,"href":"https:\/\/www.europesays.com\/ch-fr\/wp-json\/wp\/v2\/posts\/288074\/revisions"}],"wp:featuredmedia":[{"embeddable":true,"href":"https:\/\/www.europesays.com\/ch-fr\/wp-json\/wp\/v2\/media\/288075"}],"wp:attachment":[{"href":"https:\/\/www.europesays.com\/ch-fr\/wp-json\/wp\/v2\/media?parent=288074"}],"wp:term":[{"taxonomy":"category","embeddable":true,"href":"https:\/\/www.europesays.com\/ch-fr\/wp-json\/wp\/v2\/categories?post=288074"},{"taxonomy":"post_tag","embeddable":true,"href":"https:\/\/www.europesays.com\/ch-fr\/wp-json\/wp\/v2\/tags?post=288074"}],"curies":[{"name":"wp","href":"https:\/\/api.w.org\/{rel}","templated":true}]}}