{"id":288104,"date":"2026-09-02T14:44:14","date_gmt":"2026-09-02T14:44:14","guid":{"rendered":"https:\/\/www.europesays.com\/ch-fr\/288104\/"},"modified":"2026-09-02T14:44:14","modified_gmt":"2026-09-02T14:44:14","slug":"etats-unis-tiger-woods-plaide-coupable-pour-conduite-dangereuse-apres-son-arrestation-en-floride","status":"publish","type":"post","link":"https:\/\/www.europesays.com\/ch-fr\/288104\/","title":{"rendered":"\u00c9tats-Unis. Tiger Woods plaide coupable pour conduite dangereuse apr\u00e8s son arrestation en Floride"},"content":{"rendered":"<p>La superstar am\u00e9ricaine du golf <a href=\"https:\/\/www.estrepublicain.fr\/p\/tiger-woods\" target=\"_blank\" rel=\"nofollow noopener\">Tiger Woods<\/a> a plaid\u00e9 coupable de conduite dangereuse, ce mercredi, apr\u00e8s son <a href=\"https:\/\/www.estrepublicain.fr\/faits-divers-justice\/2026\/04\/03\/j-etais-au-telephone-avec-le-president-le-coup-de-poker-de-tiger-woods-lors-de-son-arrestation\" target=\"_blank\" rel=\"nofollow noopener\">arrestation li\u00e9e \u00e0 un accident de la route<\/a> en Floride en mars. Son permis de conduire sera suspendu pour cinq ans aux termes de cet accord qui lui permet d&rsquo;\u00e9chapper \u00e0 l&rsquo;inculpation plus grave de conduite sous l&#8217;emprise de stup\u00e9fiants ou d&rsquo;alcool.<\/p>\n<p>\u00ab Si vous conduisiez pour quelque raison que ce soit, vous retourneriez imm\u00e9diatement en prison \u00bb, l&rsquo;a pr\u00e9venu le juge Darren Steele, lors d&rsquo;une br\u00e8ve audience au tribunal du comt\u00e9 de Martin, pr\u00e8s de Palm Beach, en Floride, expliquant qu&rsquo;il s&rsquo;agissait d&rsquo;une mesure de \u00ab s\u00e9curit\u00e9 publique \u00bb. Tiger Woods, qui avait initialement plaid\u00e9 non coupable, devra \u00e9galement s&rsquo;acquitter d&rsquo;une amende de 1 000 dollars.<\/p>\n<p>  Mise en retrait et traitement<\/p>\n<p>Le golfeur\u00a0avait annonc\u00e9 en avril se mettre en retrait pour quelque temps \u00ab afin de suivre un traitement \u00bb, apr\u00e8s son arrestation cons\u00e9cutive \u00e0 cet accident.\u00a0S\u00e9rieusement bless\u00e9 \u00e0 la jambe droite dans un accident en 2021, le champion, qui a remport\u00e9 15 titres majeurs, avait \u00e9t\u00e9 arr\u00eat\u00e9 par la police du comt\u00e9 de Martin, sa voiture sur le flanc, apr\u00e8s avoir heurt\u00e9 un camion qu&rsquo;il essayait de doubler sur une route \u00e0 deux voies.\u00a0L&rsquo;Am\u00e9ricain \u00e9tait sorti sans blessure grave de l&rsquo;accident, mais avait \u00e9t\u00e9 arr\u00eat\u00e9 pour avoir refus\u00e9 de se soumettre \u00e0 un test urinaire apr\u00e8s avoir subi un test d&rsquo;alcool\u00e9mie n\u00e9gatif. Il \u00e9tait en possession de m\u00e9dicaments antidouleurs lors de son arrestation. Il avait \u00e9t\u00e9 plac\u00e9 en d\u00e9tention durant huit heures, avant d&rsquo;\u00eatre rel\u00e2ch\u00e9 dans la soir\u00e9e.\u00a0<\/p>\n<p>Faute d&rsquo;exploits sur les greens, l&rsquo;ancien N.1 mondial, qui n&rsquo;a plus disput\u00e9 de comp\u00e9tition depuis juillet 2024, continue de faire la Une, mais plus souvent pour ses blessures ou sorties de route.<\/p>\n","protected":false},"excerpt":{"rendered":"La superstar am\u00e9ricaine du golf Tiger Woods a plaid\u00e9 coupable de conduite dangereuse, ce mercredi, apr\u00e8s son arrestation&hellip;\n","protected":false},"author":2,"featured_media":288105,"comment_status":"","ping_status":"","sticky":false,"template":"","format":"standard","meta":{"footnotes":"","_share_on_mastodon":"0"},"categories":[8],"tags":[27,3488,297,91,23052,159,75,23],"class_list":["post-288104","post","type-post","status-publish","format-standard","has-post-thumbnail","category-sports","tag-accident","tag-faits-divers-justice","tag-fil-info","tag-france-monde","tag-golf","tag-people","tag-sports","tag-suisse"],"share_on_mastodon":{"url":"https:\/\/pubeurope.com\/@ch_fr\/117201985020439569","error":""},"_links":{"self":[{"href":"https:\/\/www.europesays.com\/ch-fr\/wp-json\/wp\/v2\/posts\/288104","targetHints":{"allow":["GET"]}}],"collection":[{"href":"https:\/\/www.europesays.com\/ch-fr\/wp-json\/wp\/v2\/posts"}],"about":[{"href":"https:\/\/www.europesays.com\/ch-fr\/wp-json\/wp\/v2\/types\/post"}],"author":[{"embeddable":true,"href":"https:\/\/www.europesays.com\/ch-fr\/wp-json\/wp\/v2\/users\/2"}],"replies":[{"embeddable":true,"href":"https:\/\/www.europesays.com\/ch-fr\/wp-json\/wp\/v2\/comments?post=288104"}],"version-history":[{"count":0,"href":"https:\/\/www.europesays.com\/ch-fr\/wp-json\/wp\/v2\/posts\/288104\/revisions"}],"wp:featuredmedia":[{"embeddable":true,"href":"https:\/\/www.europesays.com\/ch-fr\/wp-json\/wp\/v2\/media\/288105"}],"wp:attachment":[{"href":"https:\/\/www.europesays.com\/ch-fr\/wp-json\/wp\/v2\/media?parent=288104"}],"wp:term":[{"taxonomy":"category","embeddable":true,"href":"https:\/\/www.europesays.com\/ch-fr\/wp-json\/wp\/v2\/categories?post=288104"},{"taxonomy":"post_tag","embeddable":true,"href":"https:\/\/www.europesays.com\/ch-fr\/wp-json\/wp\/v2\/tags?post=288104"}],"curies":[{"name":"wp","href":"https:\/\/api.w.org\/{rel}","templated":true}]}}