{"id":288164,"date":"2026-09-02T15:21:16","date_gmt":"2026-09-02T15:21:16","guid":{"rendered":"https:\/\/www.europesays.com\/ch-fr\/288164\/"},"modified":"2026-09-02T15:21:16","modified_gmt":"2026-09-02T15:21:16","slug":"lordinateur-portable-etanche-oukitel-rg14-p-se-recharge-a-lenergie-solaire","status":"publish","type":"post","link":"https:\/\/www.europesays.com\/ch-fr\/288164\/","title":{"rendered":"L&rsquo;ordinateur portable \u00e9tanche Oukitel RG14-P se recharge \u00e0 l&rsquo;\u00e9nergie solaire"},"content":{"rendered":"<p class=\"bodytext\">Le fabricant <br \/>utilisant un processeur Intel Core i7 de 14e g\u00e9n\u00e9ration quelque peu d\u00e9pass\u00e9, l&rsquo;autonomie de la batterie ne devrait pas tout \u00e0 fait rivaliser avec celle de concurrents plus modernes \u00e9quip\u00e9s d&rsquo;Intel Panther Lake. L&rsquo;\u00e9cran tactile de 14,1 pouces est con\u00e7u pour rester lisible m\u00eame en plein soleil gr\u00e2ce \u00e0 une luminosit\u00e9 de 1 000 nits. Cependant, en raison des larges bords de l&rsquo;\u00e9cran, l&rsquo;ordinateur portable a \u00e0 peu pr\u00e8s la m\u00eame taille qu&rsquo;un ordinateur portable classique de 16 pouces \u2013 et est nettement plus \u00e9pais et plus lourd.&#13;<\/p>\n<p class=\"bodytext\">En effet, l\u2019appareil p\u00e8se 3,7 kilogrammes. En revanche, le ch\u00e2ssis est certifi\u00e9 IP69K et donc \u00e9tanche, et une poign\u00e9e facilite son transport. La webcam se fixe magn\u00e9tiquement \u00e0 l\u2019ordinateur portable et peut \u00eatre orient\u00e9e soit vers l\u2019avant, soit vers l\u2019arri\u00e8re. L\u2019ordinateur portable est \u00e9quip\u00e9 de deux haut-parleurs st\u00e9r\u00e9o de 5 watts, d\u2019une puce NFC, d\u2019un capteur d\u2019empreintes digitales, d\u2019un port RS-232, d\u2019un port HDMI et d\u2019un port Ethernet. Oukitel n\u2019a pas encore confirm\u00e9 le prix ni la date de disponibilit\u00e9.<br \/>\u00a0<\/p>\n","protected":false},"excerpt":{"rendered":"Le fabricant utilisant un processeur Intel Core i7 de 14e g\u00e9n\u00e9ration quelque peu d\u00e9pass\u00e9, l&rsquo;autonomie de la batterie&hellip;\n","protected":false},"author":2,"featured_media":288165,"comment_status":"","ping_status":"","sticky":false,"template":"","format":"standard","meta":{"footnotes":"","_share_on_mastodon":"0"},"categories":[7],"tags":[62654,62655,44020,19984,74,5290,70,62653,62652,16177,2178,72,71,61,57,59,58,2906,23,60,62,73],"class_list":["post-288164","post","type-post","status-publish","format-standard","has-post-thumbnail","category-sciences-et-technologies","tag-15-w","tag-15-watts","tag-caracteristiques-techniques","tag-disponibilite","tag-informations-sur-des-ordinateurs-portatifs","tag-lancement","tag-nouvelles","tag-oukitel-rg14-l","tag-oukitel-rg14-p","tag-photovoltaique","tag-prix","tag-rapport","tag-revues","tag-science","tag-science-and-technology","tag-sciences","tag-sciences-et-technologies","tag-solaire","tag-suisse","tag-technologies","tag-technology","tag-test"],"share_on_mastodon":{"url":"https:\/\/pubeurope.com\/@ch_fr\/117202130661278050","error":""},"_links":{"self":[{"href":"https:\/\/www.europesays.com\/ch-fr\/wp-json\/wp\/v2\/posts\/288164","targetHints":{"allow":["GET"]}}],"collection":[{"href":"https:\/\/www.europesays.com\/ch-fr\/wp-json\/wp\/v2\/posts"}],"about":[{"href":"https:\/\/www.europesays.com\/ch-fr\/wp-json\/wp\/v2\/types\/post"}],"author":[{"embeddable":true,"href":"https:\/\/www.europesays.com\/ch-fr\/wp-json\/wp\/v2\/users\/2"}],"replies":[{"embeddable":true,"href":"https:\/\/www.europesays.com\/ch-fr\/wp-json\/wp\/v2\/comments?post=288164"}],"version-history":[{"count":0,"href":"https:\/\/www.europesays.com\/ch-fr\/wp-json\/wp\/v2\/posts\/288164\/revisions"}],"wp:featuredmedia":[{"embeddable":true,"href":"https:\/\/www.europesays.com\/ch-fr\/wp-json\/wp\/v2\/media\/288165"}],"wp:attachment":[{"href":"https:\/\/www.europesays.com\/ch-fr\/wp-json\/wp\/v2\/media?parent=288164"}],"wp:term":[{"taxonomy":"category","embeddable":true,"href":"https:\/\/www.europesays.com\/ch-fr\/wp-json\/wp\/v2\/categories?post=288164"},{"taxonomy":"post_tag","embeddable":true,"href":"https:\/\/www.europesays.com\/ch-fr\/wp-json\/wp\/v2\/tags?post=288164"}],"curies":[{"name":"wp","href":"https:\/\/api.w.org\/{rel}","templated":true}]}}